{"id":10245,"date":"2026-04-30T19:49:10","date_gmt":"2026-04-30T19:49:10","guid":{"rendered":"https:\/\/ifdc.edu.ar\/home\/?p=10245"},"modified":"2026-04-30T20:42:42","modified_gmt":"2026-04-30T20:42:42","slug":"3-26-antropologia-sociocultural-y-filosofia-pueblos-originarios","status":"publish","type":"post","link":"https:\/\/ifdc.edu.ar\/home\/3-26-antropologia-sociocultural-y-filosofia-pueblos-originarios\/","title":{"rendered":""},"content":{"rendered":"<p>[et_pb_section fb_built=\u00bb1&#8243; admin_label=\u00bbsection\u00bb _builder_version=\u00bb3.22&#8243; custom_padding=\u00bb50px|||||\u00bb][et_pb_row admin_label=\u00bbrow\u00bb _builder_version=\u00bb3.25&#8243; background_size=\u00bbinitial\u00bb background_position=\u00bbtop_left\u00bb background_repeat=\u00bbrepeat\u00bb][et_pb_column type=\u00bb4_4&#8243; _builder_version=\u00bb3.25&#8243; custom_padding=\u00bb|||\u00bb custom_padding__hover=\u00bb|||\u00bb][et_pb_text admin_label=\u00bbText\u00bb _builder_version=\u00bb4.4.8&#8243; background_size=\u00bbinitial\u00bb background_position=\u00bbtop_left\u00bb background_repeat=\u00bbrepeat\u00bb]<\/p>\n<p>DIDIFUS3<\/p>\n<p><span style=\"font-size: 14px;\">\u00a0Concurso para cubrir un cargo:<\/span><span style=\"font-size: 14px;\">\u00a0<\/span><\/p>\n<figure class=\"wp-block-table is-style-stripes\">\n<table>\n<tbody>\n<tr>\n<td><strong>AREA \/ CARRERA<\/strong><\/td>\n<td><strong>CARGOS<\/strong><\/td>\n<td><strong>CAR\u00c1CTER<\/strong><\/td>\n<\/tr>\n<tr>\n<td>\n<blockquote><p>\u00a0<a href=\"https:\/\/drive.google.com\/file\/d\/12O_EyPF7oduozG_W6CFXzLsW56TuP-3u\/view?usp=drive_link\"><span style=\"color: #061021;\"> INGRESAR AL LINK:\u00a0<\/span>\u00a0 ANTROPOLOGIA SOCIOCULTURAL Y FILOSOF\u00cdA DE LOS PUEBLOS ORIGINARIOS PROFESORADO DE EDUCACI\u00d3N SECUNDARIA EN FILOSOF\u00cdA<\/a><\/p><\/blockquote>\n<\/td>\n<td>1 cargo dedicaci\u00f3n COMPLETA (30 hs)<\/td>\n<td>INTERINO<\/td>\n<\/tr>\n<\/tbody>\n<\/table>\n<\/figure>\n<p>DIFUSI\u00d3N:<\/p>\n<p>30 DE ABRIL DE 2026 AL 5 DE MAYO DE 2026<\/p>\n<p>INSCRIPCION: 6 AL 15 DE MAYO<\/p>\n<p>[\/et_pb_text][\/et_pb_column][\/et_pb_row][\/et_pb_section]<\/p>\n","protected":false},"excerpt":{"rendered":"<p>[et_pb_section fb_built=\u00bb1&#8243; admin_label=\u00bbsection\u00bb _builder_version=\u00bb3.22&#8243; custom_padding=\u00bb50px|||||\u00bb][et_pb_row admin_label=\u00bbrow\u00bb _builder_version=\u00bb3.25&#8243; background_size=\u00bbinitial\u00bb background_position=\u00bbtop_left\u00bb background_repeat=\u00bbrepeat\u00bb][et_pb_column type=\u00bb4_4&#8243; _builder_version=\u00bb3.25&#8243; custom_padding=\u00bb|||\u00bb custom_padding__hover=\u00bb|||\u00bb][et_pb_text admin_label=\u00bbText\u00bb _builder_version=\u00bb4.4.8&#8243; background_size=\u00bbinitial\u00bb background_position=\u00bbtop_left\u00bb background_repeat=\u00bbrepeat\u00bb] DIDIFUS3 \u00a0Concurso para cubrir un cargo:\u00a0 AREA \/ CARRERA CARGOS CAR\u00c1CTER [&hellip;]<\/p>\n","protected":false},"author":4,"featured_media":0,"comment_status":"open","ping_status":"open","sticky":false,"template":"","format":"standard","meta":{"_et_pb_use_builder":"on","_et_pb_old_content":"","_et_gb_content_width":"","footnotes":""},"categories":[9,1],"tags":[],"class_list":["post-10245","post","type-post","status-publish","format-standard","hentry","category-concursos","category-sin-categoria"],"yoast_head":"<!-- This site is optimized with the Yoast SEO plugin v26.9 - https:\/\/yoast.com\/product\/yoast-seo-wordpress\/ -->\n<title>- IFDC Bariloche<\/title>\n<meta name=\"robots\" content=\"index, follow, max-snippet:-1, max-image-preview:large, max-video-preview:-1\" \/>\n<link rel=\"canonical\" href=\"https:\/\/ifdc.edu.ar\/home\/3-26-antropologia-sociocultural-y-filosofia-pueblos-originarios\/\" \/>\n<meta property=\"og:locale\" content=\"es_ES\" \/>\n<meta property=\"og:type\" content=\"article\" \/>\n<meta property=\"og:title\" content=\"- IFDC Bariloche\" \/>\n<meta property=\"og:description\" content=\"[et_pb_section fb_built=\u00bb1&#8243; admin_label=\u00bbsection\u00bb _builder_version=\u00bb3.22&#8243; custom_padding=\u00bb50px|||||\u00bb][et_pb_row admin_label=\u00bbrow\u00bb _builder_version=\u00bb3.25&#8243; background_size=\u00bbinitial\u00bb background_position=\u00bbtop_left\u00bb background_repeat=\u00bbrepeat\u00bb][et_pb_column type=\u00bb4_4&#8243; _builder_version=\u00bb3.25&#8243; custom_padding=\u00bb|||\u00bb custom_padding__hover=\u00bb|||\u00bb][et_pb_text admin_label=\u00bbText\u00bb _builder_version=\u00bb4.4.8&#8243; background_size=\u00bbinitial\u00bb background_position=\u00bbtop_left\u00bb background_repeat=\u00bbrepeat\u00bb] DIDIFUS3 \u00a0Concurso para cubrir un cargo:\u00a0 AREA \/ CARRERA CARGOS CAR\u00c1CTER [&hellip;]\" \/>\n<meta property=\"og:url\" content=\"https:\/\/ifdc.edu.ar\/home\/3-26-antropologia-sociocultural-y-filosofia-pueblos-originarios\/\" \/>\n<meta property=\"og:site_name\" content=\"IFDC Bariloche\" \/>\n<meta property=\"article:published_time\" content=\"2026-04-30T19:49:10+00:00\" \/>\n<meta property=\"article:modified_time\" content=\"2026-04-30T20:42:42+00:00\" \/>\n<meta name=\"author\" content=\"Secretar\u00eda General\" \/>\n<meta name=\"twitter:card\" content=\"summary_large_image\" \/>\n<meta name=\"twitter:label1\" content=\"Escrito por\" \/>\n\t<meta name=\"twitter:data1\" content=\"Secretar\u00eda General\" \/>\n\t<meta name=\"twitter:label2\" content=\"Tiempo de lectura\" \/>\n\t<meta name=\"twitter:data2\" content=\"1 minuto\" \/>\n<script type=\"application\/ld+json\" class=\"yoast-schema-graph\">{\"@context\":\"https:\/\/schema.org\",\"@graph\":[{\"@type\":\"Article\",\"@id\":\"https:\/\/ifdc.edu.ar\/home\/3-26-antropologia-sociocultural-y-filosofia-pueblos-originarios\/#article\",\"isPartOf\":{\"@id\":\"https:\/\/ifdc.edu.ar\/home\/3-26-antropologia-sociocultural-y-filosofia-pueblos-originarios\/\"},\"author\":{\"name\":\"Secretar\u00eda General\",\"@id\":\"https:\/\/ifdc.edu.ar\/home\/#\/schema\/person\/97b8e6299f702d45ae8ff5abd5d8574a\"},\"headline\":\"Sin t\u00edtulo\",\"datePublished\":\"2026-04-30T19:49:10+00:00\",\"dateModified\":\"2026-04-30T20:42:42+00:00\",\"mainEntityOfPage\":{\"@id\":\"https:\/\/ifdc.edu.ar\/home\/3-26-antropologia-sociocultural-y-filosofia-pueblos-originarios\/\"},\"wordCount\":122,\"commentCount\":0,\"articleSection\":[\"Concursos\"],\"inLanguage\":\"es\",\"potentialAction\":[{\"@type\":\"CommentAction\",\"name\":\"Comment\",\"target\":[\"https:\/\/ifdc.edu.ar\/home\/3-26-antropologia-sociocultural-y-filosofia-pueblos-originarios\/#respond\"]}]},{\"@type\":\"WebPage\",\"@id\":\"https:\/\/ifdc.edu.ar\/home\/3-26-antropologia-sociocultural-y-filosofia-pueblos-originarios\/\",\"url\":\"https:\/\/ifdc.edu.ar\/home\/3-26-antropologia-sociocultural-y-filosofia-pueblos-originarios\/\",\"name\":\"- IFDC Bariloche\",\"isPartOf\":{\"@id\":\"https:\/\/ifdc.edu.ar\/home\/#website\"},\"datePublished\":\"2026-04-30T19:49:10+00:00\",\"dateModified\":\"2026-04-30T20:42:42+00:00\",\"author\":{\"@id\":\"https:\/\/ifdc.edu.ar\/home\/#\/schema\/person\/97b8e6299f702d45ae8ff5abd5d8574a\"},\"inLanguage\":\"es\",\"potentialAction\":[{\"@type\":\"ReadAction\",\"target\":[\"https:\/\/ifdc.edu.ar\/home\/3-26-antropologia-sociocultural-y-filosofia-pueblos-originarios\/\"]}]},{\"@type\":\"WebSite\",\"@id\":\"https:\/\/ifdc.edu.ar\/home\/#website\",\"url\":\"https:\/\/ifdc.edu.ar\/home\/\",\"name\":\"IFDC Bariloche\",\"description\":\"IFDC Bariloche\",\"potentialAction\":[{\"@type\":\"SearchAction\",\"target\":{\"@type\":\"EntryPoint\",\"urlTemplate\":\"https:\/\/ifdc.edu.ar\/home\/?s={search_term_string}\"},\"query-input\":{\"@type\":\"PropertyValueSpecification\",\"valueRequired\":true,\"valueName\":\"search_term_string\"}}],\"inLanguage\":\"es\"},{\"@type\":\"Person\",\"@id\":\"https:\/\/ifdc.edu.ar\/home\/#\/schema\/person\/97b8e6299f702d45ae8ff5abd5d8574a\",\"name\":\"Secretar\u00eda General\",\"image\":{\"@type\":\"ImageObject\",\"inLanguage\":\"es\",\"@id\":\"https:\/\/ifdc.edu.ar\/home\/#\/schema\/person\/image\/\",\"url\":\"https:\/\/secure.gravatar.com\/avatar\/da02723ad923a244687347bb837b2955ea737963e6481c36d8d556f717cd63e8?s=96&d=mm&r=g\",\"contentUrl\":\"https:\/\/secure.gravatar.com\/avatar\/da02723ad923a244687347bb837b2955ea737963e6481c36d8d556f717cd63e8?s=96&d=mm&r=g\",\"caption\":\"Secretar\u00eda General\"},\"url\":\"https:\/\/ifdc.edu.ar\/home\/author\/secregeneral\/\"}]}<\/script>\n<!-- \/ Yoast SEO plugin. -->","yoast_head_json":{"title":"- IFDC Bariloche","robots":{"index":"index","follow":"follow","max-snippet":"max-snippet:-1","max-image-preview":"max-image-preview:large","max-video-preview":"max-video-preview:-1"},"canonical":"https:\/\/ifdc.edu.ar\/home\/3-26-antropologia-sociocultural-y-filosofia-pueblos-originarios\/","og_locale":"es_ES","og_type":"article","og_title":"- IFDC Bariloche","og_description":"[et_pb_section fb_built=\u00bb1&#8243; admin_label=\u00bbsection\u00bb _builder_version=\u00bb3.22&#8243; custom_padding=\u00bb50px|||||\u00bb][et_pb_row admin_label=\u00bbrow\u00bb _builder_version=\u00bb3.25&#8243; background_size=\u00bbinitial\u00bb background_position=\u00bbtop_left\u00bb background_repeat=\u00bbrepeat\u00bb][et_pb_column type=\u00bb4_4&#8243; _builder_version=\u00bb3.25&#8243; custom_padding=\u00bb|||\u00bb custom_padding__hover=\u00bb|||\u00bb][et_pb_text admin_label=\u00bbText\u00bb _builder_version=\u00bb4.4.8&#8243; background_size=\u00bbinitial\u00bb background_position=\u00bbtop_left\u00bb background_repeat=\u00bbrepeat\u00bb] DIDIFUS3 \u00a0Concurso para cubrir un cargo:\u00a0 AREA \/ CARRERA CARGOS CAR\u00c1CTER [&hellip;]","og_url":"https:\/\/ifdc.edu.ar\/home\/3-26-antropologia-sociocultural-y-filosofia-pueblos-originarios\/","og_site_name":"IFDC Bariloche","article_published_time":"2026-04-30T19:49:10+00:00","article_modified_time":"2026-04-30T20:42:42+00:00","author":"Secretar\u00eda General","twitter_card":"summary_large_image","twitter_misc":{"Escrito por":"Secretar\u00eda General","Tiempo de lectura":"1 minuto"},"schema":{"@context":"https:\/\/schema.org","@graph":[{"@type":"Article","@id":"https:\/\/ifdc.edu.ar\/home\/3-26-antropologia-sociocultural-y-filosofia-pueblos-originarios\/#article","isPartOf":{"@id":"https:\/\/ifdc.edu.ar\/home\/3-26-antropologia-sociocultural-y-filosofia-pueblos-originarios\/"},"author":{"name":"Secretar\u00eda General","@id":"https:\/\/ifdc.edu.ar\/home\/#\/schema\/person\/97b8e6299f702d45ae8ff5abd5d8574a"},"headline":"Sin t\u00edtulo","datePublished":"2026-04-30T19:49:10+00:00","dateModified":"2026-04-30T20:42:42+00:00","mainEntityOfPage":{"@id":"https:\/\/ifdc.edu.ar\/home\/3-26-antropologia-sociocultural-y-filosofia-pueblos-originarios\/"},"wordCount":122,"commentCount":0,"articleSection":["Concursos"],"inLanguage":"es","potentialAction":[{"@type":"CommentAction","name":"Comment","target":["https:\/\/ifdc.edu.ar\/home\/3-26-antropologia-sociocultural-y-filosofia-pueblos-originarios\/#respond"]}]},{"@type":"WebPage","@id":"https:\/\/ifdc.edu.ar\/home\/3-26-antropologia-sociocultural-y-filosofia-pueblos-originarios\/","url":"https:\/\/ifdc.edu.ar\/home\/3-26-antropologia-sociocultural-y-filosofia-pueblos-originarios\/","name":"- IFDC Bariloche","isPartOf":{"@id":"https:\/\/ifdc.edu.ar\/home\/#website"},"datePublished":"2026-04-30T19:49:10+00:00","dateModified":"2026-04-30T20:42:42+00:00","author":{"@id":"https:\/\/ifdc.edu.ar\/home\/#\/schema\/person\/97b8e6299f702d45ae8ff5abd5d8574a"},"inLanguage":"es","potentialAction":[{"@type":"ReadAction","target":["https:\/\/ifdc.edu.ar\/home\/3-26-antropologia-sociocultural-y-filosofia-pueblos-originarios\/"]}]},{"@type":"WebSite","@id":"https:\/\/ifdc.edu.ar\/home\/#website","url":"https:\/\/ifdc.edu.ar\/home\/","name":"IFDC Bariloche","description":"IFDC Bariloche","potentialAction":[{"@type":"SearchAction","target":{"@type":"EntryPoint","urlTemplate":"https:\/\/ifdc.edu.ar\/home\/?s={search_term_string}"},"query-input":{"@type":"PropertyValueSpecification","valueRequired":true,"valueName":"search_term_string"}}],"inLanguage":"es"},{"@type":"Person","@id":"https:\/\/ifdc.edu.ar\/home\/#\/schema\/person\/97b8e6299f702d45ae8ff5abd5d8574a","name":"Secretar\u00eda General","image":{"@type":"ImageObject","inLanguage":"es","@id":"https:\/\/ifdc.edu.ar\/home\/#\/schema\/person\/image\/","url":"https:\/\/secure.gravatar.com\/avatar\/da02723ad923a244687347bb837b2955ea737963e6481c36d8d556f717cd63e8?s=96&d=mm&r=g","contentUrl":"https:\/\/secure.gravatar.com\/avatar\/da02723ad923a244687347bb837b2955ea737963e6481c36d8d556f717cd63e8?s=96&d=mm&r=g","caption":"Secretar\u00eda General"},"url":"https:\/\/ifdc.edu.ar\/home\/author\/secregeneral\/"}]}},"_links":{"self":[{"href":"https:\/\/ifdc.edu.ar\/home\/wp-json\/wp\/v2\/posts\/10245","targetHints":{"allow":["GET"]}}],"collection":[{"href":"https:\/\/ifdc.edu.ar\/home\/wp-json\/wp\/v2\/posts"}],"about":[{"href":"https:\/\/ifdc.edu.ar\/home\/wp-json\/wp\/v2\/types\/post"}],"author":[{"embeddable":true,"href":"https:\/\/ifdc.edu.ar\/home\/wp-json\/wp\/v2\/users\/4"}],"replies":[{"embeddable":true,"href":"https:\/\/ifdc.edu.ar\/home\/wp-json\/wp\/v2\/comments?post=10245"}],"version-history":[{"count":7,"href":"https:\/\/ifdc.edu.ar\/home\/wp-json\/wp\/v2\/posts\/10245\/revisions"}],"predecessor-version":[{"id":10257,"href":"https:\/\/ifdc.edu.ar\/home\/wp-json\/wp\/v2\/posts\/10245\/revisions\/10257"}],"wp:attachment":[{"href":"https:\/\/ifdc.edu.ar\/home\/wp-json\/wp\/v2\/media?parent=10245"}],"wp:term":[{"taxonomy":"category","embeddable":true,"href":"https:\/\/ifdc.edu.ar\/home\/wp-json\/wp\/v2\/categories?post=10245"},{"taxonomy":"post_tag","embeddable":true,"href":"https:\/\/ifdc.edu.ar\/home\/wp-json\/wp\/v2\/tags?post=10245"}],"curies":[{"name":"wp","href":"https:\/\/api.w.org\/{rel}","templated":true}]}}