{"id":4162,"date":"2021-02-24T14:11:34","date_gmt":"2021-02-24T14:11:34","guid":{"rendered":"https:\/\/ifdc.edu.ar\/home\/?p=4162"},"modified":"2021-03-18T23:06:40","modified_gmt":"2021-03-18T23:06:40","slug":"profesorado-de-educacion-primaria-lengua-y-literatura-30hs","status":"publish","type":"post","link":"https:\/\/ifdc.edu.ar\/home\/profesorado-de-educacion-primaria-lengua-y-literatura-30hs\/","title":{"rendered":"Profesorado de Educaci\u00f3n Primaria &#8211; Lengua y Literatura 30hs"},"content":{"rendered":"[et_pb_section fb_built=\u00bb1&#8243; admin_label=\u00bbsection\u00bb _builder_version=\u00bb3.22&#8243;][et_pb_row admin_label=\u00bbrow\u00bb _builder_version=\u00bb3.25&#8243; background_size=\u00bbinitial\u00bb background_position=\u00bbtop_left\u00bb background_repeat=\u00bbrepeat\u00bb][et_pb_column type=\u00bb4_4&#8243; _builder_version=\u00bb3.25&#8243; custom_padding=\u00bb|||\u00bb custom_padding__hover=\u00bb|||\u00bb][et_pb_text admin_label=\u00bbText\u00bb _builder_version=\u00bb3.27.4&#8243; background_size=\u00bbinitial\u00bb background_position=\u00bbtop_left\u00bb background_repeat=\u00bbrepeat\u00bb]\n<figure class=\"wp-block-table is-style-stripes\"><table><tbody><tr><td><strong>AREA \/ CARRERA<\/strong><\/td><td><strong>CARGOS<\/strong><\/td><td><strong>CAR\u00c1CTER<\/strong><\/td><\/tr><tr><td>Lengua&nbsp;Profesorado de Educaci\u00f3n Primaria<\/td><td>\u00c1rea Lengua y Literatura<br>Orientaci\u00f3n Lengua<br><strong>&nbsp;1 cargo de profesor\/a dedicaci\u00f3n completa (30 horas)<\/strong><\/td><td>Interino<\/td><\/tr><\/tbody><\/table><\/figure>\n\n\n\n<h4 class=\"wp-block-heading\"><strong>CRONOGRAMA &nbsp; DEL &nbsp; LLAMADO<\/strong><\/h4>\n\n\n\n<p><strong>DIFUSI\u00d3N:<\/strong>&nbsp;del 23 al 25 de febrero de 2021<\/p>\n\n\n\n<p><strong>INSCRIPCI\u00d3N VIRTUAL<\/strong><strong>: &nbsp;&nbsp;<\/strong>Del 26&nbsp; de febrero al 07 de marzo de 2021&nbsp; V\u00eda Formulario Drive&nbsp;&nbsp;<a href=\"https:\/\/forms.gle\/2q9oTG7mjp9aGGkPA\">FORMULARIO DRIVE INSCRIPCI\u00d3N:<\/a><\/p>\n\n\n\n<p><a href=\"https:\/\/drive.google.com\/file\/d\/1nmQKZAQuko_e6NLCjIWIDGS0RjUdxFXn\/view?usp=sharing\">BASES AQUI<\/a><\/p>\n\n\n\n<p>Para consultas relacionadas al concurso escribir a&nbsp;<a href=\"mailto:adrianagarciamontero@gmail.com\">adrianagarciamontero@gmail.com<\/a><\/p>\n[\/et_pb_text][\/et_pb_column][\/et_pb_row][\/et_pb_section]","protected":false},"excerpt":{"rendered":"<p>\u00c1rea Lengua y Literatura<br \/>\nOrientaci\u00f3n Lengua<br \/>\n 1 cargo de profesor\/a dedicaci\u00f3n completa (30 horas)<\/p>\n","protected":false},"author":3,"featured_media":0,"comment_status":"open","ping_status":"open","sticky":false,"template":"","format":"standard","meta":{"_et_pb_use_builder":"on","_et_pb_old_content":"<!-- wp:table {\"className\":\"is-style-stripes\"} -->\n<figure class=\"wp-block-table is-style-stripes\"><table><tbody><tr><td><strong>AREA \/ CARRERA<\/strong><\/td><td><strong>CARGOS<\/strong><\/td><td><strong>CAR\u00c1CTER<\/strong><\/td><\/tr><tr><td>Lengua&nbsp;Profesorado de Educaci\u00f3n Primaria<\/td><td>\u00c1rea Lengua y Literatura<br>Orientaci\u00f3n Lengua<br><strong>&nbsp;1 cargo de profesor\/a dedicaci\u00f3n completa (30 horas)<\/strong><\/td><td>Interino<\/td><\/tr><\/tbody><\/table><\/figure>\n<!-- \/wp:table -->\n\n<!-- wp:heading {\"level\":4} -->\n<h4><strong>CRONOGRAMA &nbsp; DEL &nbsp; LLAMADO<\/strong><\/h4>\n<!-- \/wp:heading -->\n\n<!-- wp:paragraph -->\n<p><strong>DIFUSI\u00d3N:<\/strong>&nbsp;del 23 al 25 de febrero de 2021<\/p>\n<!-- \/wp:paragraph -->\n\n<!-- wp:paragraph -->\n<p><strong>INSCRIPCI\u00d3N VIRTUAL<\/strong><strong>: &nbsp;&nbsp;<\/strong>Del 26&nbsp; de febrero al 07 de marzo de 2021&nbsp; V\u00eda Formulario Drive&nbsp;&nbsp;<a href=\"https:\/\/forms.gle\/2q9oTG7mjp9aGGkPA\">FORMULARIO DRIVE INSCRIPCI\u00d3N:<\/a><\/p>\n<!-- \/wp:paragraph -->\n\n<!-- wp:paragraph -->\n<p><a href=\"https:\/\/drive.google.com\/file\/d\/1nmQKZAQuko_e6NLCjIWIDGS0RjUdxFXn\/view?usp=sharing\">BASES AQUI<\/a><\/p>\n<!-- \/wp:paragraph -->\n\n<!-- wp:paragraph -->\n<p>Para consultas relacionadas al concurso escribir a&nbsp;<a href=\"mailto:adrianagarciamontero@gmail.com\">adrianagarciamontero@gmail.com<\/a><\/p>\n<!-- \/wp:paragraph -->","_et_gb_content_width":"","footnotes":""},"categories":[1],"tags":[],"class_list":["post-4162","post","type-post","status-publish","format-standard","hentry","category-sin-categoria"],"yoast_head":"<!-- This site is optimized with the Yoast SEO plugin v26.9 - https:\/\/yoast.com\/product\/yoast-seo-wordpress\/ -->\n<title>Profesorado de Educaci\u00f3n Primaria - Lengua y Literatura 30hs - IFDC Bariloche<\/title>\n<meta name=\"robots\" content=\"index, follow, max-snippet:-1, max-image-preview:large, max-video-preview:-1\" \/>\n<link rel=\"canonical\" href=\"https:\/\/ifdc.edu.ar\/home\/profesorado-de-educacion-primaria-lengua-y-literatura-30hs\/\" \/>\n<meta property=\"og:locale\" content=\"es_ES\" \/>\n<meta property=\"og:type\" content=\"article\" \/>\n<meta property=\"og:title\" content=\"Profesorado de Educaci\u00f3n Primaria - Lengua y Literatura 30hs - IFDC Bariloche\" \/>\n<meta property=\"og:description\" content=\"\u00c1rea Lengua y Literatura Orientaci\u00f3n Lengua 1 cargo de profesor\/a dedicaci\u00f3n completa (30 horas)\" \/>\n<meta property=\"og:url\" content=\"https:\/\/ifdc.edu.ar\/home\/profesorado-de-educacion-primaria-lengua-y-literatura-30hs\/\" \/>\n<meta property=\"og:site_name\" content=\"IFDC Bariloche\" \/>\n<meta property=\"article:published_time\" content=\"2021-02-24T14:11:34+00:00\" \/>\n<meta property=\"article:modified_time\" content=\"2021-03-18T23:06:40+00:00\" \/>\n<meta name=\"author\" content=\"admin admin\" \/>\n<meta name=\"twitter:card\" content=\"summary_large_image\" \/>\n<meta name=\"twitter:label1\" content=\"Escrito por\" \/>\n\t<meta name=\"twitter:data1\" content=\"admin admin\" \/>\n\t<meta name=\"twitter:label2\" content=\"Tiempo de lectura\" \/>\n\t<meta name=\"twitter:data2\" content=\"1 minuto\" \/>\n<script type=\"application\/ld+json\" class=\"yoast-schema-graph\">{\"@context\":\"https:\/\/schema.org\",\"@graph\":[{\"@type\":\"Article\",\"@id\":\"https:\/\/ifdc.edu.ar\/home\/profesorado-de-educacion-primaria-lengua-y-literatura-30hs\/#article\",\"isPartOf\":{\"@id\":\"https:\/\/ifdc.edu.ar\/home\/profesorado-de-educacion-primaria-lengua-y-literatura-30hs\/\"},\"author\":{\"name\":\"admin admin\",\"@id\":\"https:\/\/ifdc.edu.ar\/home\/#\/schema\/person\/d56dbc2f2489983c5270184312aab61b\"},\"headline\":\"Profesorado de Educaci\u00f3n Primaria &#8211; Lengua y Literatura 30hs\",\"datePublished\":\"2021-02-24T14:11:34+00:00\",\"dateModified\":\"2021-03-18T23:06:40+00:00\",\"mainEntityOfPage\":{\"@id\":\"https:\/\/ifdc.edu.ar\/home\/profesorado-de-educacion-primaria-lengua-y-literatura-30hs\/\"},\"wordCount\":157,\"commentCount\":0,\"inLanguage\":\"es\",\"potentialAction\":[{\"@type\":\"CommentAction\",\"name\":\"Comment\",\"target\":[\"https:\/\/ifdc.edu.ar\/home\/profesorado-de-educacion-primaria-lengua-y-literatura-30hs\/#respond\"]}]},{\"@type\":\"WebPage\",\"@id\":\"https:\/\/ifdc.edu.ar\/home\/profesorado-de-educacion-primaria-lengua-y-literatura-30hs\/\",\"url\":\"https:\/\/ifdc.edu.ar\/home\/profesorado-de-educacion-primaria-lengua-y-literatura-30hs\/\",\"name\":\"Profesorado de Educaci\u00f3n Primaria - Lengua y Literatura 30hs - IFDC Bariloche\",\"isPartOf\":{\"@id\":\"https:\/\/ifdc.edu.ar\/home\/#website\"},\"datePublished\":\"2021-02-24T14:11:34+00:00\",\"dateModified\":\"2021-03-18T23:06:40+00:00\",\"author\":{\"@id\":\"https:\/\/ifdc.edu.ar\/home\/#\/schema\/person\/d56dbc2f2489983c5270184312aab61b\"},\"breadcrumb\":{\"@id\":\"https:\/\/ifdc.edu.ar\/home\/profesorado-de-educacion-primaria-lengua-y-literatura-30hs\/#breadcrumb\"},\"inLanguage\":\"es\",\"potentialAction\":[{\"@type\":\"ReadAction\",\"target\":[\"https:\/\/ifdc.edu.ar\/home\/profesorado-de-educacion-primaria-lengua-y-literatura-30hs\/\"]}]},{\"@type\":\"BreadcrumbList\",\"@id\":\"https:\/\/ifdc.edu.ar\/home\/profesorado-de-educacion-primaria-lengua-y-literatura-30hs\/#breadcrumb\",\"itemListElement\":[{\"@type\":\"ListItem\",\"position\":1,\"name\":\"Portada\",\"item\":\"https:\/\/ifdc.edu.ar\/home\/\"},{\"@type\":\"ListItem\",\"position\":2,\"name\":\"Profesorado de Educaci\u00f3n Primaria &#8211; Lengua y Literatura 30hs\"}]},{\"@type\":\"WebSite\",\"@id\":\"https:\/\/ifdc.edu.ar\/home\/#website\",\"url\":\"https:\/\/ifdc.edu.ar\/home\/\",\"name\":\"IFDC Bariloche\",\"description\":\"IFDC Bariloche\",\"potentialAction\":[{\"@type\":\"SearchAction\",\"target\":{\"@type\":\"EntryPoint\",\"urlTemplate\":\"https:\/\/ifdc.edu.ar\/home\/?s={search_term_string}\"},\"query-input\":{\"@type\":\"PropertyValueSpecification\",\"valueRequired\":true,\"valueName\":\"search_term_string\"}}],\"inLanguage\":\"es\"},{\"@type\":\"Person\",\"@id\":\"https:\/\/ifdc.edu.ar\/home\/#\/schema\/person\/d56dbc2f2489983c5270184312aab61b\",\"name\":\"admin admin\",\"image\":{\"@type\":\"ImageObject\",\"inLanguage\":\"es\",\"@id\":\"https:\/\/ifdc.edu.ar\/home\/#\/schema\/person\/image\/\",\"url\":\"https:\/\/secure.gravatar.com\/avatar\/573f53f78240008554940f49c3833d29ef6c20a351c603fc9fc8f328b60fa679?s=96&d=mm&r=g\",\"contentUrl\":\"https:\/\/secure.gravatar.com\/avatar\/573f53f78240008554940f49c3833d29ef6c20a351c603fc9fc8f328b60fa679?s=96&d=mm&r=g\",\"caption\":\"admin admin\"},\"sameAs\":[\"http:\/\/ifdc.edu.ar\"],\"url\":\"https:\/\/ifdc.edu.ar\/home\/author\/admin\/\"}]}<\/script>\n<!-- \/ Yoast SEO plugin. -->","yoast_head_json":{"title":"Profesorado de Educaci\u00f3n Primaria - Lengua y Literatura 30hs - IFDC Bariloche","robots":{"index":"index","follow":"follow","max-snippet":"max-snippet:-1","max-image-preview":"max-image-preview:large","max-video-preview":"max-video-preview:-1"},"canonical":"https:\/\/ifdc.edu.ar\/home\/profesorado-de-educacion-primaria-lengua-y-literatura-30hs\/","og_locale":"es_ES","og_type":"article","og_title":"Profesorado de Educaci\u00f3n Primaria - Lengua y Literatura 30hs - IFDC Bariloche","og_description":"\u00c1rea Lengua y Literatura Orientaci\u00f3n Lengua 1 cargo de profesor\/a dedicaci\u00f3n completa (30 horas)","og_url":"https:\/\/ifdc.edu.ar\/home\/profesorado-de-educacion-primaria-lengua-y-literatura-30hs\/","og_site_name":"IFDC Bariloche","article_published_time":"2021-02-24T14:11:34+00:00","article_modified_time":"2021-03-18T23:06:40+00:00","author":"admin admin","twitter_card":"summary_large_image","twitter_misc":{"Escrito por":"admin admin","Tiempo de lectura":"1 minuto"},"schema":{"@context":"https:\/\/schema.org","@graph":[{"@type":"Article","@id":"https:\/\/ifdc.edu.ar\/home\/profesorado-de-educacion-primaria-lengua-y-literatura-30hs\/#article","isPartOf":{"@id":"https:\/\/ifdc.edu.ar\/home\/profesorado-de-educacion-primaria-lengua-y-literatura-30hs\/"},"author":{"name":"admin admin","@id":"https:\/\/ifdc.edu.ar\/home\/#\/schema\/person\/d56dbc2f2489983c5270184312aab61b"},"headline":"Profesorado de Educaci\u00f3n Primaria &#8211; Lengua y Literatura 30hs","datePublished":"2021-02-24T14:11:34+00:00","dateModified":"2021-03-18T23:06:40+00:00","mainEntityOfPage":{"@id":"https:\/\/ifdc.edu.ar\/home\/profesorado-de-educacion-primaria-lengua-y-literatura-30hs\/"},"wordCount":157,"commentCount":0,"inLanguage":"es","potentialAction":[{"@type":"CommentAction","name":"Comment","target":["https:\/\/ifdc.edu.ar\/home\/profesorado-de-educacion-primaria-lengua-y-literatura-30hs\/#respond"]}]},{"@type":"WebPage","@id":"https:\/\/ifdc.edu.ar\/home\/profesorado-de-educacion-primaria-lengua-y-literatura-30hs\/","url":"https:\/\/ifdc.edu.ar\/home\/profesorado-de-educacion-primaria-lengua-y-literatura-30hs\/","name":"Profesorado de Educaci\u00f3n Primaria - Lengua y Literatura 30hs - IFDC Bariloche","isPartOf":{"@id":"https:\/\/ifdc.edu.ar\/home\/#website"},"datePublished":"2021-02-24T14:11:34+00:00","dateModified":"2021-03-18T23:06:40+00:00","author":{"@id":"https:\/\/ifdc.edu.ar\/home\/#\/schema\/person\/d56dbc2f2489983c5270184312aab61b"},"breadcrumb":{"@id":"https:\/\/ifdc.edu.ar\/home\/profesorado-de-educacion-primaria-lengua-y-literatura-30hs\/#breadcrumb"},"inLanguage":"es","potentialAction":[{"@type":"ReadAction","target":["https:\/\/ifdc.edu.ar\/home\/profesorado-de-educacion-primaria-lengua-y-literatura-30hs\/"]}]},{"@type":"BreadcrumbList","@id":"https:\/\/ifdc.edu.ar\/home\/profesorado-de-educacion-primaria-lengua-y-literatura-30hs\/#breadcrumb","itemListElement":[{"@type":"ListItem","position":1,"name":"Portada","item":"https:\/\/ifdc.edu.ar\/home\/"},{"@type":"ListItem","position":2,"name":"Profesorado de Educaci\u00f3n Primaria &#8211; Lengua y Literatura 30hs"}]},{"@type":"WebSite","@id":"https:\/\/ifdc.edu.ar\/home\/#website","url":"https:\/\/ifdc.edu.ar\/home\/","name":"IFDC Bariloche","description":"IFDC Bariloche","potentialAction":[{"@type":"SearchAction","target":{"@type":"EntryPoint","urlTemplate":"https:\/\/ifdc.edu.ar\/home\/?s={search_term_string}"},"query-input":{"@type":"PropertyValueSpecification","valueRequired":true,"valueName":"search_term_string"}}],"inLanguage":"es"},{"@type":"Person","@id":"https:\/\/ifdc.edu.ar\/home\/#\/schema\/person\/d56dbc2f2489983c5270184312aab61b","name":"admin admin","image":{"@type":"ImageObject","inLanguage":"es","@id":"https:\/\/ifdc.edu.ar\/home\/#\/schema\/person\/image\/","url":"https:\/\/secure.gravatar.com\/avatar\/573f53f78240008554940f49c3833d29ef6c20a351c603fc9fc8f328b60fa679?s=96&d=mm&r=g","contentUrl":"https:\/\/secure.gravatar.com\/avatar\/573f53f78240008554940f49c3833d29ef6c20a351c603fc9fc8f328b60fa679?s=96&d=mm&r=g","caption":"admin admin"},"sameAs":["http:\/\/ifdc.edu.ar"],"url":"https:\/\/ifdc.edu.ar\/home\/author\/admin\/"}]}},"_links":{"self":[{"href":"https:\/\/ifdc.edu.ar\/home\/wp-json\/wp\/v2\/posts\/4162","targetHints":{"allow":["GET"]}}],"collection":[{"href":"https:\/\/ifdc.edu.ar\/home\/wp-json\/wp\/v2\/posts"}],"about":[{"href":"https:\/\/ifdc.edu.ar\/home\/wp-json\/wp\/v2\/types\/post"}],"author":[{"embeddable":true,"href":"https:\/\/ifdc.edu.ar\/home\/wp-json\/wp\/v2\/users\/3"}],"replies":[{"embeddable":true,"href":"https:\/\/ifdc.edu.ar\/home\/wp-json\/wp\/v2\/comments?post=4162"}],"version-history":[{"count":8,"href":"https:\/\/ifdc.edu.ar\/home\/wp-json\/wp\/v2\/posts\/4162\/revisions"}],"predecessor-version":[{"id":4861,"href":"https:\/\/ifdc.edu.ar\/home\/wp-json\/wp\/v2\/posts\/4162\/revisions\/4861"}],"wp:attachment":[{"href":"https:\/\/ifdc.edu.ar\/home\/wp-json\/wp\/v2\/media?parent=4162"}],"wp:term":[{"taxonomy":"category","embeddable":true,"href":"https:\/\/ifdc.edu.ar\/home\/wp-json\/wp\/v2\/categories?post=4162"},{"taxonomy":"post_tag","embeddable":true,"href":"https:\/\/ifdc.edu.ar\/home\/wp-json\/wp\/v2\/tags?post=4162"}],"curies":[{"name":"wp","href":"https:\/\/api.w.org\/{rel}","templated":true}]}}