{"id":4174,"date":"2021-02-24T14:22:08","date_gmt":"2021-02-24T14:22:08","guid":{"rendered":"https:\/\/ifdc.edu.ar\/home\/?p=4174"},"modified":"2021-03-18T23:06:48","modified_gmt":"2021-03-18T23:06:48","slug":"prof-etp-condiciones-para-el-ejercicio-profesional-12-horas","status":"publish","type":"post","link":"https:\/\/ifdc.edu.ar\/home\/prof-etp-condiciones-para-el-ejercicio-profesional-12-horas\/","title":{"rendered":"Prof. ETP. Condiciones para el ejercicio profesional 12 horas"},"content":{"rendered":"[et_pb_section fb_built=\u00bb1&#8243; admin_label=\u00bbsection\u00bb _builder_version=\u00bb3.22&#8243;][et_pb_row admin_label=\u00bbrow\u00bb _builder_version=\u00bb3.25&#8243; background_size=\u00bbinitial\u00bb background_position=\u00bbtop_left\u00bb background_repeat=\u00bbrepeat\u00bb][et_pb_column type=\u00bb4_4&#8243; _builder_version=\u00bb3.25&#8243; custom_padding=\u00bb|||\u00bb custom_padding__hover=\u00bb|||\u00bb][et_pb_text admin_label=\u00bbText\u00bb _builder_version=\u00bb3.27.4&#8243; background_size=\u00bbinitial\u00bb background_position=\u00bbtop_left\u00bb background_repeat=\u00bbrepeat\u00bb]<p><\/p>\n<figure class=\"wp-block-table is-style-stripes\">\n<table>\n<tbody>\n<tr>\n<td><strong>AREA \/ CARRERA<\/strong><\/td>\n<td><strong>CARGOS<\/strong><\/td>\n<td><strong>CAR\u00c1CTER<\/strong><\/td>\n<\/tr>\n<tr>\n<td>\u00abProfesorado de educaci\u00f3n secundaria de la modalidad t\u00e9cnico profesional en concurrencia con t\u00edtulo de base\u201d.<\/td>\n<td>\u201cCondici\u00f3n del Ejercicio Profesional Campo de la Formaci\u00f3n T\u00e9cnica Espec\u00edfica\u201d1 cargo de dedicaci\u00f3n simple \u201312 hs<\/td>\n<td>Interino a t\u00e9rmino<\/td>\n<\/tr>\n<tr>\n<td><\/td>\n<td><\/td>\n<td><\/td>\n<\/tr>\n<\/tbody>\n<\/table>\n<\/figure>\n<p><\/p>\n<p><\/p>\n<h4 class=\"wp-block-heading\"><strong>CRONOGRAMA\u00a0\u00a0 DEL\u00a0\u00a0 LLAMADO<\/strong><\/h4>\n<p><\/p>\n<p><\/p>\n<p><strong>DIFUSI\u00d3N:<\/strong>\u00a0desde el 10 de Febrero al 12 de Febrero de 2021.<\/p>\n<p><\/p>\n<p><\/p>\n<p><strong>SE EXTIENDE LA INSCRIPCI\u00d3N:<\/strong>\u00a0desde el\u00a0 03 de Marzo al 12 de Marzo de 2021.<\/p>\n<p><\/p>\n<p><\/p>\n<p><a href=\"https:\/\/forms.gle\/A3gGp8z28xHGQ9be7\">FORMULARIO DE INSCRIPCI\u00d3N<\/a><\/p>\n<p><\/p>\n<p><\/p>\n<p><a href=\"https:\/\/drive.google.com\/file\/d\/1G9MPcu8dnR1ZNLYa0ETFO3mzpdC34fRN\/view?usp=sharing\">Bases del concurso AQUI<\/a><\/p>\n<p><\/p>[\/et_pb_text][\/et_pb_column][\/et_pb_row][\/et_pb_section]","protected":false},"excerpt":{"rendered":"<p>Condici\u00f3n del Ejercicio Profesional Campo de la Formaci\u00f3n T\u00e9cnica Espec\u00edfica\u201d1 cargo de dedicaci\u00f3n simple \u201312 hs<\/p>\n","protected":false},"author":3,"featured_media":0,"comment_status":"open","ping_status":"open","sticky":false,"template":"","format":"standard","meta":{"_et_pb_use_builder":"on","_et_pb_old_content":"<!-- wp:table {\"className\":\"is-style-stripes\"} -->\n<figure class=\"wp-block-table is-style-stripes\"><table><tbody><tr><td><strong>AREA \/ CARRERA<\/strong><\/td><td><strong>CARGOS<\/strong><\/td><td><strong>CAR\u00c1CTER<\/strong><\/td><\/tr><tr><td>\u00abProfesorado de educaci\u00f3n secundaria de la modalidad t\u00e9cnico profesional en concurrencia con t\u00edtulo de base\u201d.<\/td><td>\u201cCondici\u00f3n del Ejercicio Profesional Campo de la Formaci\u00f3n T\u00e9cnica Espec\u00edfica\u201d1 cargo de dedicaci\u00f3n simple \u201312 hs<\/td><td>Interino a t\u00e9rmino<\/td><\/tr><tr><td><\/td><td><\/td><td><\/td><\/tr><\/tbody><\/table><\/figure>\n<!-- \/wp:table -->\n\n<!-- wp:heading {\"level\":4} -->\n<h4><strong>CRONOGRAMA&nbsp;&nbsp; DEL&nbsp;&nbsp; LLAMADO<\/strong><\/h4>\n<!-- \/wp:heading -->\n\n<!-- wp:paragraph -->\n<p><strong>DIFUSI\u00d3N:<\/strong>&nbsp;desde el 10 de Febrero al 12 de Febrero de 2021.<\/p>\n<!-- \/wp:paragraph -->\n\n<!-- wp:paragraph -->\n<p><strong>INSCRIPCI\u00d3N:<\/strong>&nbsp;desde el&nbsp; 13 de Febrero al 22 de Febrero de 2021 V\u00eda formulario&nbsp;Drive siguiente<\/p>\n<!-- \/wp:paragraph -->\n\n<!-- wp:paragraph -->\n<p><a href=\"https:\/\/forms.gle\/A3gGp8z28xHGQ9be7\">FORMULARIO DE INSCRIPCI\u00d3N<\/a><\/p>\n<!-- \/wp:paragraph -->\n\n<!-- wp:paragraph -->\n<p><a href=\"https:\/\/drive.google.com\/file\/d\/1G9MPcu8dnR1ZNLYa0ETFO3mzpdC34fRN\/view?usp=sharing\">Bases del concurso AQUI<\/a><\/p>\n<!-- \/wp:paragraph -->","_et_gb_content_width":"","footnotes":""},"categories":[1],"tags":[],"class_list":["post-4174","post","type-post","status-publish","format-standard","hentry","category-sin-categoria"],"yoast_head":"<!-- This site is optimized with the Yoast SEO plugin v26.9 - https:\/\/yoast.com\/product\/yoast-seo-wordpress\/ -->\n<title>Prof. ETP. Condiciones para el ejercicio profesional 12 horas - IFDC Bariloche<\/title>\n<meta name=\"robots\" content=\"index, follow, max-snippet:-1, max-image-preview:large, max-video-preview:-1\" \/>\n<link rel=\"canonical\" href=\"https:\/\/ifdc.edu.ar\/home\/prof-etp-condiciones-para-el-ejercicio-profesional-12-horas\/\" \/>\n<meta property=\"og:locale\" content=\"es_ES\" \/>\n<meta property=\"og:type\" content=\"article\" \/>\n<meta property=\"og:title\" content=\"Prof. ETP. Condiciones para el ejercicio profesional 12 horas - IFDC Bariloche\" \/>\n<meta property=\"og:description\" content=\"Condici\u00f3n del Ejercicio Profesional Campo de la Formaci\u00f3n T\u00e9cnica Espec\u00edfica\u201d1 cargo de dedicaci\u00f3n simple \u201312 hs\" \/>\n<meta property=\"og:url\" content=\"https:\/\/ifdc.edu.ar\/home\/prof-etp-condiciones-para-el-ejercicio-profesional-12-horas\/\" \/>\n<meta property=\"og:site_name\" content=\"IFDC Bariloche\" \/>\n<meta property=\"article:published_time\" content=\"2021-02-24T14:22:08+00:00\" \/>\n<meta property=\"article:modified_time\" content=\"2021-03-18T23:06:48+00:00\" \/>\n<meta name=\"author\" content=\"admin admin\" \/>\n<meta name=\"twitter:card\" content=\"summary_large_image\" \/>\n<meta name=\"twitter:label1\" content=\"Escrito por\" \/>\n\t<meta name=\"twitter:data1\" content=\"admin admin\" \/>\n\t<meta name=\"twitter:label2\" content=\"Tiempo de lectura\" \/>\n\t<meta name=\"twitter:data2\" content=\"1 minuto\" \/>\n<script type=\"application\/ld+json\" class=\"yoast-schema-graph\">{\"@context\":\"https:\/\/schema.org\",\"@graph\":[{\"@type\":\"Article\",\"@id\":\"https:\/\/ifdc.edu.ar\/home\/prof-etp-condiciones-para-el-ejercicio-profesional-12-horas\/#article\",\"isPartOf\":{\"@id\":\"https:\/\/ifdc.edu.ar\/home\/prof-etp-condiciones-para-el-ejercicio-profesional-12-horas\/\"},\"author\":{\"name\":\"admin admin\",\"@id\":\"https:\/\/ifdc.edu.ar\/home\/#\/schema\/person\/d56dbc2f2489983c5270184312aab61b\"},\"headline\":\"Prof. ETP. Condiciones para el ejercicio profesional 12 horas\",\"datePublished\":\"2021-02-24T14:22:08+00:00\",\"dateModified\":\"2021-03-18T23:06:48+00:00\",\"mainEntityOfPage\":{\"@id\":\"https:\/\/ifdc.edu.ar\/home\/prof-etp-condiciones-para-el-ejercicio-profesional-12-horas\/\"},\"wordCount\":158,\"commentCount\":0,\"inLanguage\":\"es\",\"potentialAction\":[{\"@type\":\"CommentAction\",\"name\":\"Comment\",\"target\":[\"https:\/\/ifdc.edu.ar\/home\/prof-etp-condiciones-para-el-ejercicio-profesional-12-horas\/#respond\"]}]},{\"@type\":\"WebPage\",\"@id\":\"https:\/\/ifdc.edu.ar\/home\/prof-etp-condiciones-para-el-ejercicio-profesional-12-horas\/\",\"url\":\"https:\/\/ifdc.edu.ar\/home\/prof-etp-condiciones-para-el-ejercicio-profesional-12-horas\/\",\"name\":\"Prof. ETP. Condiciones para el ejercicio profesional 12 horas - IFDC Bariloche\",\"isPartOf\":{\"@id\":\"https:\/\/ifdc.edu.ar\/home\/#website\"},\"datePublished\":\"2021-02-24T14:22:08+00:00\",\"dateModified\":\"2021-03-18T23:06:48+00:00\",\"author\":{\"@id\":\"https:\/\/ifdc.edu.ar\/home\/#\/schema\/person\/d56dbc2f2489983c5270184312aab61b\"},\"breadcrumb\":{\"@id\":\"https:\/\/ifdc.edu.ar\/home\/prof-etp-condiciones-para-el-ejercicio-profesional-12-horas\/#breadcrumb\"},\"inLanguage\":\"es\",\"potentialAction\":[{\"@type\":\"ReadAction\",\"target\":[\"https:\/\/ifdc.edu.ar\/home\/prof-etp-condiciones-para-el-ejercicio-profesional-12-horas\/\"]}]},{\"@type\":\"BreadcrumbList\",\"@id\":\"https:\/\/ifdc.edu.ar\/home\/prof-etp-condiciones-para-el-ejercicio-profesional-12-horas\/#breadcrumb\",\"itemListElement\":[{\"@type\":\"ListItem\",\"position\":1,\"name\":\"Portada\",\"item\":\"https:\/\/ifdc.edu.ar\/home\/\"},{\"@type\":\"ListItem\",\"position\":2,\"name\":\"Prof. ETP. Condiciones para el ejercicio profesional 12 horas\"}]},{\"@type\":\"WebSite\",\"@id\":\"https:\/\/ifdc.edu.ar\/home\/#website\",\"url\":\"https:\/\/ifdc.edu.ar\/home\/\",\"name\":\"IFDC Bariloche\",\"description\":\"IFDC Bariloche\",\"potentialAction\":[{\"@type\":\"SearchAction\",\"target\":{\"@type\":\"EntryPoint\",\"urlTemplate\":\"https:\/\/ifdc.edu.ar\/home\/?s={search_term_string}\"},\"query-input\":{\"@type\":\"PropertyValueSpecification\",\"valueRequired\":true,\"valueName\":\"search_term_string\"}}],\"inLanguage\":\"es\"},{\"@type\":\"Person\",\"@id\":\"https:\/\/ifdc.edu.ar\/home\/#\/schema\/person\/d56dbc2f2489983c5270184312aab61b\",\"name\":\"admin admin\",\"image\":{\"@type\":\"ImageObject\",\"inLanguage\":\"es\",\"@id\":\"https:\/\/ifdc.edu.ar\/home\/#\/schema\/person\/image\/\",\"url\":\"https:\/\/secure.gravatar.com\/avatar\/573f53f78240008554940f49c3833d29ef6c20a351c603fc9fc8f328b60fa679?s=96&d=mm&r=g\",\"contentUrl\":\"https:\/\/secure.gravatar.com\/avatar\/573f53f78240008554940f49c3833d29ef6c20a351c603fc9fc8f328b60fa679?s=96&d=mm&r=g\",\"caption\":\"admin admin\"},\"sameAs\":[\"http:\/\/ifdc.edu.ar\"],\"url\":\"https:\/\/ifdc.edu.ar\/home\/author\/admin\/\"}]}<\/script>\n<!-- \/ Yoast SEO plugin. -->","yoast_head_json":{"title":"Prof. ETP. Condiciones para el ejercicio profesional 12 horas - IFDC Bariloche","robots":{"index":"index","follow":"follow","max-snippet":"max-snippet:-1","max-image-preview":"max-image-preview:large","max-video-preview":"max-video-preview:-1"},"canonical":"https:\/\/ifdc.edu.ar\/home\/prof-etp-condiciones-para-el-ejercicio-profesional-12-horas\/","og_locale":"es_ES","og_type":"article","og_title":"Prof. ETP. Condiciones para el ejercicio profesional 12 horas - IFDC Bariloche","og_description":"Condici\u00f3n del Ejercicio Profesional Campo de la Formaci\u00f3n T\u00e9cnica Espec\u00edfica\u201d1 cargo de dedicaci\u00f3n simple \u201312 hs","og_url":"https:\/\/ifdc.edu.ar\/home\/prof-etp-condiciones-para-el-ejercicio-profesional-12-horas\/","og_site_name":"IFDC Bariloche","article_published_time":"2021-02-24T14:22:08+00:00","article_modified_time":"2021-03-18T23:06:48+00:00","author":"admin admin","twitter_card":"summary_large_image","twitter_misc":{"Escrito por":"admin admin","Tiempo de lectura":"1 minuto"},"schema":{"@context":"https:\/\/schema.org","@graph":[{"@type":"Article","@id":"https:\/\/ifdc.edu.ar\/home\/prof-etp-condiciones-para-el-ejercicio-profesional-12-horas\/#article","isPartOf":{"@id":"https:\/\/ifdc.edu.ar\/home\/prof-etp-condiciones-para-el-ejercicio-profesional-12-horas\/"},"author":{"name":"admin admin","@id":"https:\/\/ifdc.edu.ar\/home\/#\/schema\/person\/d56dbc2f2489983c5270184312aab61b"},"headline":"Prof. ETP. Condiciones para el ejercicio profesional 12 horas","datePublished":"2021-02-24T14:22:08+00:00","dateModified":"2021-03-18T23:06:48+00:00","mainEntityOfPage":{"@id":"https:\/\/ifdc.edu.ar\/home\/prof-etp-condiciones-para-el-ejercicio-profesional-12-horas\/"},"wordCount":158,"commentCount":0,"inLanguage":"es","potentialAction":[{"@type":"CommentAction","name":"Comment","target":["https:\/\/ifdc.edu.ar\/home\/prof-etp-condiciones-para-el-ejercicio-profesional-12-horas\/#respond"]}]},{"@type":"WebPage","@id":"https:\/\/ifdc.edu.ar\/home\/prof-etp-condiciones-para-el-ejercicio-profesional-12-horas\/","url":"https:\/\/ifdc.edu.ar\/home\/prof-etp-condiciones-para-el-ejercicio-profesional-12-horas\/","name":"Prof. ETP. Condiciones para el ejercicio profesional 12 horas - IFDC Bariloche","isPartOf":{"@id":"https:\/\/ifdc.edu.ar\/home\/#website"},"datePublished":"2021-02-24T14:22:08+00:00","dateModified":"2021-03-18T23:06:48+00:00","author":{"@id":"https:\/\/ifdc.edu.ar\/home\/#\/schema\/person\/d56dbc2f2489983c5270184312aab61b"},"breadcrumb":{"@id":"https:\/\/ifdc.edu.ar\/home\/prof-etp-condiciones-para-el-ejercicio-profesional-12-horas\/#breadcrumb"},"inLanguage":"es","potentialAction":[{"@type":"ReadAction","target":["https:\/\/ifdc.edu.ar\/home\/prof-etp-condiciones-para-el-ejercicio-profesional-12-horas\/"]}]},{"@type":"BreadcrumbList","@id":"https:\/\/ifdc.edu.ar\/home\/prof-etp-condiciones-para-el-ejercicio-profesional-12-horas\/#breadcrumb","itemListElement":[{"@type":"ListItem","position":1,"name":"Portada","item":"https:\/\/ifdc.edu.ar\/home\/"},{"@type":"ListItem","position":2,"name":"Prof. ETP. Condiciones para el ejercicio profesional 12 horas"}]},{"@type":"WebSite","@id":"https:\/\/ifdc.edu.ar\/home\/#website","url":"https:\/\/ifdc.edu.ar\/home\/","name":"IFDC Bariloche","description":"IFDC Bariloche","potentialAction":[{"@type":"SearchAction","target":{"@type":"EntryPoint","urlTemplate":"https:\/\/ifdc.edu.ar\/home\/?s={search_term_string}"},"query-input":{"@type":"PropertyValueSpecification","valueRequired":true,"valueName":"search_term_string"}}],"inLanguage":"es"},{"@type":"Person","@id":"https:\/\/ifdc.edu.ar\/home\/#\/schema\/person\/d56dbc2f2489983c5270184312aab61b","name":"admin admin","image":{"@type":"ImageObject","inLanguage":"es","@id":"https:\/\/ifdc.edu.ar\/home\/#\/schema\/person\/image\/","url":"https:\/\/secure.gravatar.com\/avatar\/573f53f78240008554940f49c3833d29ef6c20a351c603fc9fc8f328b60fa679?s=96&d=mm&r=g","contentUrl":"https:\/\/secure.gravatar.com\/avatar\/573f53f78240008554940f49c3833d29ef6c20a351c603fc9fc8f328b60fa679?s=96&d=mm&r=g","caption":"admin admin"},"sameAs":["http:\/\/ifdc.edu.ar"],"url":"https:\/\/ifdc.edu.ar\/home\/author\/admin\/"}]}},"_links":{"self":[{"href":"https:\/\/ifdc.edu.ar\/home\/wp-json\/wp\/v2\/posts\/4174","targetHints":{"allow":["GET"]}}],"collection":[{"href":"https:\/\/ifdc.edu.ar\/home\/wp-json\/wp\/v2\/posts"}],"about":[{"href":"https:\/\/ifdc.edu.ar\/home\/wp-json\/wp\/v2\/types\/post"}],"author":[{"embeddable":true,"href":"https:\/\/ifdc.edu.ar\/home\/wp-json\/wp\/v2\/users\/3"}],"replies":[{"embeddable":true,"href":"https:\/\/ifdc.edu.ar\/home\/wp-json\/wp\/v2\/comments?post=4174"}],"version-history":[{"count":6,"href":"https:\/\/ifdc.edu.ar\/home\/wp-json\/wp\/v2\/posts\/4174\/revisions"}],"predecessor-version":[{"id":4863,"href":"https:\/\/ifdc.edu.ar\/home\/wp-json\/wp\/v2\/posts\/4174\/revisions\/4863"}],"wp:attachment":[{"href":"https:\/\/ifdc.edu.ar\/home\/wp-json\/wp\/v2\/media?parent=4174"}],"wp:term":[{"taxonomy":"category","embeddable":true,"href":"https:\/\/ifdc.edu.ar\/home\/wp-json\/wp\/v2\/categories?post=4174"},{"taxonomy":"post_tag","embeddable":true,"href":"https:\/\/ifdc.edu.ar\/home\/wp-json\/wp\/v2\/tags?post=4174"}],"curies":[{"name":"wp","href":"https:\/\/api.w.org\/{rel}","templated":true}]}}