{"id":5837,"date":"2021-06-16T19:16:19","date_gmt":"2021-06-16T19:16:19","guid":{"rendered":"https:\/\/ifdc.edu.ar\/home\/?p=5837"},"modified":"2021-10-01T18:53:13","modified_gmt":"2021-10-01T18:53:13","slug":"5837-2","status":"publish","type":"post","link":"https:\/\/ifdc.edu.ar\/home\/5837-2\/","title":{"rendered":"22- Problem\u00e1ticas contempor\u00e1neas de la Educaci\u00f3n Especial"},"content":{"rendered":"<p>[et_pb_section fb_built=\u00bb1&#8243; admin_label=\u00bbsection\u00bb _builder_version=\u00bb3.22&#8243;][et_pb_row admin_label=\u00bbrow\u00bb _builder_version=\u00bb3.25&#8243; background_size=\u00bbinitial\u00bb background_position=\u00bbtop_left\u00bb background_repeat=\u00bbrepeat\u00bb][et_pb_column type=\u00bb4_4&#8243; _builder_version=\u00bb3.25&#8243; custom_padding=\u00bb|||\u00bb custom_padding__hover=\u00bb|||\u00bb][et_pb_text admin_label=\u00bbText\u00bb _builder_version=\u00bb3.27.4&#8243; background_size=\u00bbinitial\u00bb background_position=\u00bbtop_left\u00bb background_repeat=\u00bbrepeat\u00bb]<\/p>\n<p>\u00a04<\/p>\n<p data-wahfont=\"14\"><span data-wahfont=\"18\"><strong>Concurso para cubrir un cargo:\u00a0Problem\u00e1ticas contempor\u00e1neas de la Educaci\u00f3n Especial<\/strong><\/span><\/p>\n<p data-wahfont=\"14\">\n<p data-wahfont=\"14\">\n<figure class=\"wp-block-table is-style-stripes\">\n<table>\n<tbody>\n<tr>\n<td><strong>AREA \/ CARRERA<\/strong><\/td>\n<td><strong>CARGOS<\/strong><\/td>\n<td><strong>CAR\u00c1CTER<\/strong><\/td>\n<\/tr>\n<tr>\n<td>\u00a0Profesorado de Educaci\u00f3n Especial<\/td>\n<td>1 cargo de Profesor\/a <span data-wahfont=\"18\"><strong>Problem\u00e1ticas contempor\u00e1neas de la Educaci\u00f3n Especial<\/strong><\/span>, dedicaci\u00f3n semiexclusiva(20 Hs)<\/td>\n<td>Suplente<\/td>\n<\/tr>\n<\/tbody>\n<\/table>\n<\/figure>\n<p data-wahfont=\"14\">\n<h4 data-wahfont=\"18\"><strong>CRONOGRAMA\u00a0\u00a0 DEL\u00a0\u00a0 LLAMADO<\/strong><\/h4>\n<p><b>DIFUSI\u00d3N<\/b><span style=\"font-weight: 400;\">: desde el 23 de agosto\u00a0 al 25 de agosto de 2021.<\/span><\/p>\n<p><b>INSCRIPCI\u00d3N<\/b><b>: <\/b><span style=\"font-weight: 400;\">desde el 26 de agosto al 06 de septiembre de 2021.<\/span><\/p>\n<p><span style=\"font-weight: 400;\">a trav\u00e9s del formulario de inscripci\u00f3n.<\/span><b>\u00a0H<\/b><b style=\"font-size: 14px;\">asta las 18 hs.<\/b><span style=\"font-size: 14px;\">\u00a0<\/span><\/p>\n<p><!-- \/divi:paragraph --><\/p>\n<p><a href=\"https:\/\/forms.gle\/uqFqwKXoLc7wUQcs5\"><!-- divi:paragraph --><\/a><\/p>\n<p><a href=\"https:\/\/forms.gle\/uqFqwKXoLc7wUQcs5\">FORMULARIO DE INSCRIPCI\u00d3N<\/a><\/p>\n<p><!-- \/divi:paragraph --><\/p>\n<p><a href=\"https:\/\/drive.google.com\/file\/d\/1ARcu6At7MQOSDDxUzkcTCJz1ZR5Wa62D\/view?usp=sharing\">BASES DE CONCURSO AQU\u00cd<!-- divi:paragraph --><\/a><\/p>\n<p><strong><span style=\"text-decoration: underline;\">Mesa Evaluadora:<\/span><\/strong><\/p>\n<p>Jurado externo: Caudio Bio<strong><span style=\"text-decoration: underline;\"><\/span><\/strong><\/p>\n<p>Jurado titular IFDC BCHE: Fernanda Cormace- M\u00f3nica Delgado<\/p>\n<p>Jurado estudiante: Edith Ortega<\/p>\n<p><strong><span style=\"text-decoration: underline;\">Postulantes:<\/span><\/strong><\/p>\n<p>Liliana Mabel Kalko<strong><span style=\"text-decoration: underline;\"><\/span><\/strong><\/p>\n<p>Roc\u00edo Ayel\u00e9n Lirio<\/p>\n<p>&nbsp;<\/p>\n<p>&nbsp;<\/p>\n<p>&nbsp;<\/p>\n<p><span style=\"text-decoration: underline;\"><em><strong><\/strong><\/em><\/span><\/p>\n<p><!-- \/divi:paragraph -->[\/et_pb_text][\/et_pb_column][\/et_pb_row][\/et_pb_section]<\/p>\n","protected":false},"excerpt":{"rendered":"<p>[et_pb_section fb_built=\u00bb1&#8243; admin_label=\u00bbsection\u00bb _builder_version=\u00bb3.22&#8243;][et_pb_row admin_label=\u00bbrow\u00bb _builder_version=\u00bb3.25&#8243; background_size=\u00bbinitial\u00bb background_position=\u00bbtop_left\u00bb background_repeat=\u00bbrepeat\u00bb][et_pb_column type=\u00bb4_4&#8243; _builder_version=\u00bb3.25&#8243; custom_padding=\u00bb|||\u00bb custom_padding__hover=\u00bb|||\u00bb][et_pb_text admin_label=\u00bbText\u00bb _builder_version=\u00bb3.27.4&#8243; background_size=\u00bbinitial\u00bb background_position=\u00bbtop_left\u00bb background_repeat=\u00bbrepeat\u00bb] \u00a04 Concurso para cubrir un cargo:\u00a0Problem\u00e1ticas contempor\u00e1neas de la Educaci\u00f3n Especial AREA [&hellip;]<\/p>\n","protected":false},"author":4,"featured_media":0,"comment_status":"open","ping_status":"open","sticky":false,"template":"","format":"standard","meta":{"_et_pb_use_builder":"on","_et_pb_old_content":"","_et_gb_content_width":"","footnotes":""},"categories":[1],"tags":[],"class_list":["post-5837","post","type-post","status-publish","format-standard","hentry","category-sin-categoria"],"yoast_head":"<!-- This site is optimized with the Yoast SEO plugin v26.9 - https:\/\/yoast.com\/product\/yoast-seo-wordpress\/ -->\n<title>22- Problem\u00e1ticas contempor\u00e1neas de la Educaci\u00f3n Especial - IFDC Bariloche<\/title>\n<meta name=\"robots\" content=\"index, follow, max-snippet:-1, max-image-preview:large, max-video-preview:-1\" \/>\n<link rel=\"canonical\" href=\"https:\/\/ifdc.edu.ar\/home\/5837-2\/\" \/>\n<meta property=\"og:locale\" content=\"es_ES\" \/>\n<meta property=\"og:type\" content=\"article\" \/>\n<meta property=\"og:title\" content=\"22- Problem\u00e1ticas contempor\u00e1neas de la Educaci\u00f3n Especial - IFDC Bariloche\" \/>\n<meta property=\"og:description\" content=\"[et_pb_section fb_built=\u00bb1&#8243; admin_label=\u00bbsection\u00bb _builder_version=\u00bb3.22&#8243;][et_pb_row admin_label=\u00bbrow\u00bb _builder_version=\u00bb3.25&#8243; background_size=\u00bbinitial\u00bb background_position=\u00bbtop_left\u00bb background_repeat=\u00bbrepeat\u00bb][et_pb_column type=\u00bb4_4&#8243; _builder_version=\u00bb3.25&#8243; custom_padding=\u00bb|||\u00bb custom_padding__hover=\u00bb|||\u00bb][et_pb_text admin_label=\u00bbText\u00bb _builder_version=\u00bb3.27.4&#8243; background_size=\u00bbinitial\u00bb background_position=\u00bbtop_left\u00bb background_repeat=\u00bbrepeat\u00bb] \u00a04 Concurso para cubrir un cargo:\u00a0Problem\u00e1ticas contempor\u00e1neas de la Educaci\u00f3n Especial AREA [&hellip;]\" \/>\n<meta property=\"og:url\" content=\"https:\/\/ifdc.edu.ar\/home\/5837-2\/\" \/>\n<meta property=\"og:site_name\" content=\"IFDC Bariloche\" \/>\n<meta property=\"article:published_time\" content=\"2021-06-16T19:16:19+00:00\" \/>\n<meta property=\"article:modified_time\" content=\"2021-10-01T18:53:13+00:00\" \/>\n<meta name=\"author\" content=\"Secretar\u00eda General\" \/>\n<meta name=\"twitter:card\" content=\"summary_large_image\" \/>\n<meta name=\"twitter:label1\" content=\"Escrito por\" \/>\n\t<meta name=\"twitter:data1\" content=\"Secretar\u00eda General\" \/>\n\t<meta name=\"twitter:label2\" content=\"Tiempo de lectura\" \/>\n\t<meta name=\"twitter:data2\" content=\"1 minuto\" \/>\n<script type=\"application\/ld+json\" class=\"yoast-schema-graph\">{\"@context\":\"https:\/\/schema.org\",\"@graph\":[{\"@type\":\"Article\",\"@id\":\"https:\/\/ifdc.edu.ar\/home\/5837-2\/#article\",\"isPartOf\":{\"@id\":\"https:\/\/ifdc.edu.ar\/home\/5837-2\/\"},\"author\":{\"name\":\"Secretar\u00eda General\",\"@id\":\"https:\/\/ifdc.edu.ar\/home\/#\/schema\/person\/97b8e6299f702d45ae8ff5abd5d8574a\"},\"headline\":\"22- Problem\u00e1ticas contempor\u00e1neas de la Educaci\u00f3n Especial\",\"datePublished\":\"2021-06-16T19:16:19+00:00\",\"dateModified\":\"2021-10-01T18:53:13+00:00\",\"mainEntityOfPage\":{\"@id\":\"https:\/\/ifdc.edu.ar\/home\/5837-2\/\"},\"wordCount\":195,\"commentCount\":0,\"inLanguage\":\"es\",\"potentialAction\":[{\"@type\":\"CommentAction\",\"name\":\"Comment\",\"target\":[\"https:\/\/ifdc.edu.ar\/home\/5837-2\/#respond\"]}]},{\"@type\":\"WebPage\",\"@id\":\"https:\/\/ifdc.edu.ar\/home\/5837-2\/\",\"url\":\"https:\/\/ifdc.edu.ar\/home\/5837-2\/\",\"name\":\"22- Problem\u00e1ticas contempor\u00e1neas de la Educaci\u00f3n Especial - IFDC Bariloche\",\"isPartOf\":{\"@id\":\"https:\/\/ifdc.edu.ar\/home\/#website\"},\"datePublished\":\"2021-06-16T19:16:19+00:00\",\"dateModified\":\"2021-10-01T18:53:13+00:00\",\"author\":{\"@id\":\"https:\/\/ifdc.edu.ar\/home\/#\/schema\/person\/97b8e6299f702d45ae8ff5abd5d8574a\"},\"breadcrumb\":{\"@id\":\"https:\/\/ifdc.edu.ar\/home\/5837-2\/#breadcrumb\"},\"inLanguage\":\"es\",\"potentialAction\":[{\"@type\":\"ReadAction\",\"target\":[\"https:\/\/ifdc.edu.ar\/home\/5837-2\/\"]}]},{\"@type\":\"BreadcrumbList\",\"@id\":\"https:\/\/ifdc.edu.ar\/home\/5837-2\/#breadcrumb\",\"itemListElement\":[{\"@type\":\"ListItem\",\"position\":1,\"name\":\"Portada\",\"item\":\"https:\/\/ifdc.edu.ar\/home\/\"},{\"@type\":\"ListItem\",\"position\":2,\"name\":\"22- Problem\u00e1ticas contempor\u00e1neas de la Educaci\u00f3n Especial\"}]},{\"@type\":\"WebSite\",\"@id\":\"https:\/\/ifdc.edu.ar\/home\/#website\",\"url\":\"https:\/\/ifdc.edu.ar\/home\/\",\"name\":\"IFDC Bariloche\",\"description\":\"IFDC Bariloche\",\"potentialAction\":[{\"@type\":\"SearchAction\",\"target\":{\"@type\":\"EntryPoint\",\"urlTemplate\":\"https:\/\/ifdc.edu.ar\/home\/?s={search_term_string}\"},\"query-input\":{\"@type\":\"PropertyValueSpecification\",\"valueRequired\":true,\"valueName\":\"search_term_string\"}}],\"inLanguage\":\"es\"},{\"@type\":\"Person\",\"@id\":\"https:\/\/ifdc.edu.ar\/home\/#\/schema\/person\/97b8e6299f702d45ae8ff5abd5d8574a\",\"name\":\"Secretar\u00eda General\",\"image\":{\"@type\":\"ImageObject\",\"inLanguage\":\"es\",\"@id\":\"https:\/\/ifdc.edu.ar\/home\/#\/schema\/person\/image\/\",\"url\":\"https:\/\/secure.gravatar.com\/avatar\/da02723ad923a244687347bb837b2955ea737963e6481c36d8d556f717cd63e8?s=96&d=mm&r=g\",\"contentUrl\":\"https:\/\/secure.gravatar.com\/avatar\/da02723ad923a244687347bb837b2955ea737963e6481c36d8d556f717cd63e8?s=96&d=mm&r=g\",\"caption\":\"Secretar\u00eda General\"},\"url\":\"https:\/\/ifdc.edu.ar\/home\/author\/secregeneral\/\"}]}<\/script>\n<!-- \/ Yoast SEO plugin. -->","yoast_head_json":{"title":"22- Problem\u00e1ticas contempor\u00e1neas de la Educaci\u00f3n Especial - IFDC Bariloche","robots":{"index":"index","follow":"follow","max-snippet":"max-snippet:-1","max-image-preview":"max-image-preview:large","max-video-preview":"max-video-preview:-1"},"canonical":"https:\/\/ifdc.edu.ar\/home\/5837-2\/","og_locale":"es_ES","og_type":"article","og_title":"22- Problem\u00e1ticas contempor\u00e1neas de la Educaci\u00f3n Especial - IFDC Bariloche","og_description":"[et_pb_section fb_built=\u00bb1&#8243; admin_label=\u00bbsection\u00bb _builder_version=\u00bb3.22&#8243;][et_pb_row admin_label=\u00bbrow\u00bb _builder_version=\u00bb3.25&#8243; background_size=\u00bbinitial\u00bb background_position=\u00bbtop_left\u00bb background_repeat=\u00bbrepeat\u00bb][et_pb_column type=\u00bb4_4&#8243; _builder_version=\u00bb3.25&#8243; custom_padding=\u00bb|||\u00bb custom_padding__hover=\u00bb|||\u00bb][et_pb_text admin_label=\u00bbText\u00bb _builder_version=\u00bb3.27.4&#8243; background_size=\u00bbinitial\u00bb background_position=\u00bbtop_left\u00bb background_repeat=\u00bbrepeat\u00bb] \u00a04 Concurso para cubrir un cargo:\u00a0Problem\u00e1ticas contempor\u00e1neas de la Educaci\u00f3n Especial AREA [&hellip;]","og_url":"https:\/\/ifdc.edu.ar\/home\/5837-2\/","og_site_name":"IFDC Bariloche","article_published_time":"2021-06-16T19:16:19+00:00","article_modified_time":"2021-10-01T18:53:13+00:00","author":"Secretar\u00eda General","twitter_card":"summary_large_image","twitter_misc":{"Escrito por":"Secretar\u00eda General","Tiempo de lectura":"1 minuto"},"schema":{"@context":"https:\/\/schema.org","@graph":[{"@type":"Article","@id":"https:\/\/ifdc.edu.ar\/home\/5837-2\/#article","isPartOf":{"@id":"https:\/\/ifdc.edu.ar\/home\/5837-2\/"},"author":{"name":"Secretar\u00eda General","@id":"https:\/\/ifdc.edu.ar\/home\/#\/schema\/person\/97b8e6299f702d45ae8ff5abd5d8574a"},"headline":"22- Problem\u00e1ticas contempor\u00e1neas de la Educaci\u00f3n Especial","datePublished":"2021-06-16T19:16:19+00:00","dateModified":"2021-10-01T18:53:13+00:00","mainEntityOfPage":{"@id":"https:\/\/ifdc.edu.ar\/home\/5837-2\/"},"wordCount":195,"commentCount":0,"inLanguage":"es","potentialAction":[{"@type":"CommentAction","name":"Comment","target":["https:\/\/ifdc.edu.ar\/home\/5837-2\/#respond"]}]},{"@type":"WebPage","@id":"https:\/\/ifdc.edu.ar\/home\/5837-2\/","url":"https:\/\/ifdc.edu.ar\/home\/5837-2\/","name":"22- Problem\u00e1ticas contempor\u00e1neas de la Educaci\u00f3n Especial - IFDC Bariloche","isPartOf":{"@id":"https:\/\/ifdc.edu.ar\/home\/#website"},"datePublished":"2021-06-16T19:16:19+00:00","dateModified":"2021-10-01T18:53:13+00:00","author":{"@id":"https:\/\/ifdc.edu.ar\/home\/#\/schema\/person\/97b8e6299f702d45ae8ff5abd5d8574a"},"breadcrumb":{"@id":"https:\/\/ifdc.edu.ar\/home\/5837-2\/#breadcrumb"},"inLanguage":"es","potentialAction":[{"@type":"ReadAction","target":["https:\/\/ifdc.edu.ar\/home\/5837-2\/"]}]},{"@type":"BreadcrumbList","@id":"https:\/\/ifdc.edu.ar\/home\/5837-2\/#breadcrumb","itemListElement":[{"@type":"ListItem","position":1,"name":"Portada","item":"https:\/\/ifdc.edu.ar\/home\/"},{"@type":"ListItem","position":2,"name":"22- Problem\u00e1ticas contempor\u00e1neas de la Educaci\u00f3n Especial"}]},{"@type":"WebSite","@id":"https:\/\/ifdc.edu.ar\/home\/#website","url":"https:\/\/ifdc.edu.ar\/home\/","name":"IFDC Bariloche","description":"IFDC Bariloche","potentialAction":[{"@type":"SearchAction","target":{"@type":"EntryPoint","urlTemplate":"https:\/\/ifdc.edu.ar\/home\/?s={search_term_string}"},"query-input":{"@type":"PropertyValueSpecification","valueRequired":true,"valueName":"search_term_string"}}],"inLanguage":"es"},{"@type":"Person","@id":"https:\/\/ifdc.edu.ar\/home\/#\/schema\/person\/97b8e6299f702d45ae8ff5abd5d8574a","name":"Secretar\u00eda General","image":{"@type":"ImageObject","inLanguage":"es","@id":"https:\/\/ifdc.edu.ar\/home\/#\/schema\/person\/image\/","url":"https:\/\/secure.gravatar.com\/avatar\/da02723ad923a244687347bb837b2955ea737963e6481c36d8d556f717cd63e8?s=96&d=mm&r=g","contentUrl":"https:\/\/secure.gravatar.com\/avatar\/da02723ad923a244687347bb837b2955ea737963e6481c36d8d556f717cd63e8?s=96&d=mm&r=g","caption":"Secretar\u00eda General"},"url":"https:\/\/ifdc.edu.ar\/home\/author\/secregeneral\/"}]}},"_links":{"self":[{"href":"https:\/\/ifdc.edu.ar\/home\/wp-json\/wp\/v2\/posts\/5837","targetHints":{"allow":["GET"]}}],"collection":[{"href":"https:\/\/ifdc.edu.ar\/home\/wp-json\/wp\/v2\/posts"}],"about":[{"href":"https:\/\/ifdc.edu.ar\/home\/wp-json\/wp\/v2\/types\/post"}],"author":[{"embeddable":true,"href":"https:\/\/ifdc.edu.ar\/home\/wp-json\/wp\/v2\/users\/4"}],"replies":[{"embeddable":true,"href":"https:\/\/ifdc.edu.ar\/home\/wp-json\/wp\/v2\/comments?post=5837"}],"version-history":[{"count":14,"href":"https:\/\/ifdc.edu.ar\/home\/wp-json\/wp\/v2\/posts\/5837\/revisions"}],"predecessor-version":[{"id":5988,"href":"https:\/\/ifdc.edu.ar\/home\/wp-json\/wp\/v2\/posts\/5837\/revisions\/5988"}],"wp:attachment":[{"href":"https:\/\/ifdc.edu.ar\/home\/wp-json\/wp\/v2\/media?parent=5837"}],"wp:term":[{"taxonomy":"category","embeddable":true,"href":"https:\/\/ifdc.edu.ar\/home\/wp-json\/wp\/v2\/categories?post=5837"},{"taxonomy":"post_tag","embeddable":true,"href":"https:\/\/ifdc.edu.ar\/home\/wp-json\/wp\/v2\/tags?post=5837"}],"curies":[{"name":"wp","href":"https:\/\/api.w.org\/{rel}","templated":true}]}}