{"id":6082,"date":"2021-10-25T18:12:35","date_gmt":"2021-10-25T18:12:35","guid":{"rendered":"https:\/\/ifdc.edu.ar\/home\/?p=6082"},"modified":"2021-10-25T18:32:58","modified_gmt":"2021-10-25T18:32:58","slug":"6082-2","status":"publish","type":"post","link":"https:\/\/ifdc.edu.ar\/home\/6082-2\/","title":{"rendered":"Discapacidad: Un enfoque interdisciplinario y latinoamericano"},"content":{"rendered":"<p>[et_pb_section fb_built=\u00bb1&#8243; _builder_version=\u00bb4.4.8&#8243;][et_pb_row _builder_version=\u00bb4.4.8&#8243;][et_pb_column _builder_version=\u00bb4.4.8&#8243; type=\u00bb4_4&#8243;][et_pb_image src=\u00bbhttps:\/\/ifdc.edu.ar\/home\/wp-content\/uploads\/2021\/10\/Seminario-UNLP.jpeg\u00bb _builder_version=\u00bb4.4.8&#8243; title_text=\u00bbSeminario UNLP\u00bb hover_enabled=\u00bb0&#8243;][\/et_pb_image][\/et_pb_column][\/et_pb_row][\/et_pb_section][et_pb_section fb_built=\u00bb1&#8243; _builder_version=\u00bb4.4.8&#8243;][et_pb_row _builder_version=\u00bb4.4.8&#8243;][et_pb_column _builder_version=\u00bb4.4.8&#8243; type=\u00bb4_4&#8243;][et_pb_text _builder_version=\u00bb4.4.8&#8243; hover_enabled=\u00bb0&#8243;]<\/p>\n<p><span>SEMINARIO OPTATIVO | 2021<\/span><br \/><span>Discapacidad: Un enfoque interdisciplinario y latinoamericano<\/span><br \/><span>17\u00b0 Edici\u00f3n<\/span><\/p>\n<p><span>4 Encuentros sincr\u00f3nicos (cada 15 d\u00edas)<\/span><br \/><span>Inicio: Mi\u00e9rcoles 27 de octubre de 17:00 a 19:00 hs.<\/span><\/p>\n<p><span>TEMAS<\/span><br \/><span>&#8211; G\u00e9nero y violencias: Mi\u00e9rcoles 27 | 10<\/span><br \/><span>&#8211; Educaci\u00f3n: Mi\u00e9rcoles 10 | 11<\/span><br \/><span>&#8211; Trabajo: Mi\u00e9rcoles 24 | 11<\/span><br \/><span>&#8211; Participaci\u00f3n pol\u00edtica: Mi\u00e9rcoles 8 | 12 (en el marco de la Semana de la Discapacidad)<\/span><\/p>\n<p><span>Transmisi\u00f3n por YouTube<\/span><\/p>\n<p><span>Se requiere inscripci\u00f3n previa:\u00a0<\/span><span><a class=\"oajrlxb2 g5ia77u1 qu0x051f esr5mh6w e9989ue4 r7d6kgcz rq0escxv nhd2j8a9 nc684nl6 p7hjln8o kvgmc6g5 cxmmr5t8 oygrvhab hcukyx3x jb3vyjys rz4wbd8a qt6c0cv9 a8nywdso i1ao9s8h esuyzwwr f1sip0of lzcic4wl py34i1dx gpro0wi8\" href=\"https:\/\/forms.gle\/VpmHxY5Bq7iTT4Rv5?fbclid=IwAR13qd3Zif4hP0tXWR_vdRvxskLBtXtum56eoUw-28Er-GUmILi11U47ZBA\" rel=\"nofollow noopener\" role=\"link\" target=\"_blank\" tabindex=\"0\">https:\/\/forms.gle\/VpmHxY5Bq7iTT4Rv5<\/a><\/span><br \/><span>(En Instagram busc\u00e1 el enlace en la Bio)<\/span><\/p>\n<p><span>Actividad gratuita, abierta a la comunidad universitaria y al p\u00fablico en general<\/span><\/p>\n<p><span>Se contar\u00e1 con int\u00e9rprete de lengua de se\u00f1as argentina<\/span><\/p>\n<p><span>Entrega de certificados<\/span><\/p>\n<p><span>Contacto: comision.discapacidad@presi.unlp.edu.ar<\/span><\/p>\n<p><span>La imagen es la gr\u00e1fica para difusi\u00f3n. Contiene la informaci\u00f3n b\u00e1sica que se encuentra en el posteo en letras violeta sobre fondo lila. Acompa\u00f1a, una foto de un entramado bordado de Latinoam\u00e9rica en colores violeta, ocre, bord\u00f3, naranja, rosa y verde.<\/span><br \/><span>Al pie, las marcas institucionales de la Comisi\u00f3n Universitaria sobre Discapacidad y de la Direcci\u00f3n de Inclusi\u00f3n, Discapacidad y Derechos Humanos de la UNLP.<\/span><\/p>\n<p>[\/et_pb_text][\/et_pb_column][\/et_pb_row][\/et_pb_section]<\/p>\n","protected":false},"excerpt":{"rendered":"<p>[et_pb_section fb_built=\u00bb1&#8243; _builder_version=\u00bb4.4.8&#8243;][et_pb_row _builder_version=\u00bb4.4.8&#8243;][et_pb_column _builder_version=\u00bb4.4.8&#8243; type=\u00bb4_4&#8243;][et_pb_image src=\u00bbhttps:\/\/ifdc.edu.ar\/home\/wp-content\/uploads\/2021\/10\/Seminario-UNLP.jpeg\u00bb _builder_version=\u00bb4.4.8&#8243; title_text=\u00bbSeminario UNLP\u00bb hover_enabled=\u00bb0&#8243;][\/et_pb_image][\/et_pb_column][\/et_pb_row][\/et_pb_section][et_pb_section fb_built=\u00bb1&#8243; _builder_version=\u00bb4.4.8&#8243;][et_pb_row _builder_version=\u00bb4.4.8&#8243;][et_pb_column _builder_version=\u00bb4.4.8&#8243; type=\u00bb4_4&#8243;][et_pb_text _builder_version=\u00bb4.4.8&#8243; hover_enabled=\u00bb0&#8243;] SEMINARIO OPTATIVO | 2021Discapacidad: Un enfoque interdisciplinario y latinoamericano17\u00b0 Edici\u00f3n 4 Encuentros [&hellip;]<\/p>\n","protected":false},"author":3,"featured_media":0,"comment_status":"open","ping_status":"open","sticky":false,"template":"","format":"standard","meta":{"_et_pb_use_builder":"on","_et_pb_old_content":"","_et_gb_content_width":"","footnotes":""},"categories":[16,1],"tags":[],"class_list":["post-6082","post","type-post","status-publish","format-standard","hentry","category-accesibilidad","category-sin-categoria"],"yoast_head":"<!-- This site is optimized with the Yoast SEO plugin v26.9 - https:\/\/yoast.com\/product\/yoast-seo-wordpress\/ -->\n<title>Discapacidad: Un enfoque interdisciplinario y latinoamericano - IFDC Bariloche<\/title>\n<meta name=\"robots\" content=\"index, follow, max-snippet:-1, max-image-preview:large, max-video-preview:-1\" \/>\n<link rel=\"canonical\" href=\"https:\/\/ifdc.edu.ar\/home\/6082-2\/\" \/>\n<meta property=\"og:locale\" content=\"es_ES\" \/>\n<meta property=\"og:type\" content=\"article\" \/>\n<meta property=\"og:title\" content=\"Discapacidad: Un enfoque interdisciplinario y latinoamericano - IFDC Bariloche\" \/>\n<meta property=\"og:description\" content=\"[et_pb_section fb_built=\u00bb1&#8243; _builder_version=\u00bb4.4.8&#8243;][et_pb_row _builder_version=\u00bb4.4.8&#8243;][et_pb_column _builder_version=\u00bb4.4.8&#8243; type=\u00bb4_4&#8243;][et_pb_image src=\u00bbhttps:\/\/ifdc.edu.ar\/home\/wp-content\/uploads\/2021\/10\/Seminario-UNLP.jpeg\u00bb _builder_version=\u00bb4.4.8&#8243; title_text=\u00bbSeminario UNLP\u00bb hover_enabled=\u00bb0&#8243;][\/et_pb_image][\/et_pb_column][\/et_pb_row][\/et_pb_section][et_pb_section fb_built=\u00bb1&#8243; _builder_version=\u00bb4.4.8&#8243;][et_pb_row _builder_version=\u00bb4.4.8&#8243;][et_pb_column _builder_version=\u00bb4.4.8&#8243; type=\u00bb4_4&#8243;][et_pb_text _builder_version=\u00bb4.4.8&#8243; hover_enabled=\u00bb0&#8243;] SEMINARIO OPTATIVO | 2021Discapacidad: Un enfoque interdisciplinario y latinoamericano17\u00b0 Edici\u00f3n 4 Encuentros [&hellip;]\" \/>\n<meta property=\"og:url\" content=\"https:\/\/ifdc.edu.ar\/home\/6082-2\/\" \/>\n<meta property=\"og:site_name\" content=\"IFDC Bariloche\" \/>\n<meta property=\"article:published_time\" content=\"2021-10-25T18:12:35+00:00\" \/>\n<meta property=\"article:modified_time\" content=\"2021-10-25T18:32:58+00:00\" \/>\n<meta name=\"author\" content=\"admin admin\" \/>\n<meta name=\"twitter:card\" content=\"summary_large_image\" \/>\n<meta name=\"twitter:label1\" content=\"Escrito por\" \/>\n\t<meta name=\"twitter:data1\" content=\"admin admin\" \/>\n\t<meta name=\"twitter:label2\" content=\"Tiempo de lectura\" \/>\n\t<meta name=\"twitter:data2\" content=\"1 minuto\" \/>\n<script type=\"application\/ld+json\" class=\"yoast-schema-graph\">{\"@context\":\"https:\/\/schema.org\",\"@graph\":[{\"@type\":\"Article\",\"@id\":\"https:\/\/ifdc.edu.ar\/home\/6082-2\/#article\",\"isPartOf\":{\"@id\":\"https:\/\/ifdc.edu.ar\/home\/6082-2\/\"},\"author\":{\"name\":\"admin admin\",\"@id\":\"https:\/\/ifdc.edu.ar\/home\/#\/schema\/person\/d56dbc2f2489983c5270184312aab61b\"},\"headline\":\"Discapacidad: Un enfoque interdisciplinario y latinoamericano\",\"datePublished\":\"2021-10-25T18:12:35+00:00\",\"dateModified\":\"2021-10-25T18:32:58+00:00\",\"mainEntityOfPage\":{\"@id\":\"https:\/\/ifdc.edu.ar\/home\/6082-2\/\"},\"wordCount\":283,\"commentCount\":0,\"articleSection\":[\"Accesibilidad\"],\"inLanguage\":\"es\",\"potentialAction\":[{\"@type\":\"CommentAction\",\"name\":\"Comment\",\"target\":[\"https:\/\/ifdc.edu.ar\/home\/6082-2\/#respond\"]}]},{\"@type\":\"WebPage\",\"@id\":\"https:\/\/ifdc.edu.ar\/home\/6082-2\/\",\"url\":\"https:\/\/ifdc.edu.ar\/home\/6082-2\/\",\"name\":\"Discapacidad: Un enfoque interdisciplinario y latinoamericano - IFDC Bariloche\",\"isPartOf\":{\"@id\":\"https:\/\/ifdc.edu.ar\/home\/#website\"},\"datePublished\":\"2021-10-25T18:12:35+00:00\",\"dateModified\":\"2021-10-25T18:32:58+00:00\",\"author\":{\"@id\":\"https:\/\/ifdc.edu.ar\/home\/#\/schema\/person\/d56dbc2f2489983c5270184312aab61b\"},\"breadcrumb\":{\"@id\":\"https:\/\/ifdc.edu.ar\/home\/6082-2\/#breadcrumb\"},\"inLanguage\":\"es\",\"potentialAction\":[{\"@type\":\"ReadAction\",\"target\":[\"https:\/\/ifdc.edu.ar\/home\/6082-2\/\"]}]},{\"@type\":\"BreadcrumbList\",\"@id\":\"https:\/\/ifdc.edu.ar\/home\/6082-2\/#breadcrumb\",\"itemListElement\":[{\"@type\":\"ListItem\",\"position\":1,\"name\":\"Portada\",\"item\":\"https:\/\/ifdc.edu.ar\/home\/\"},{\"@type\":\"ListItem\",\"position\":2,\"name\":\"Discapacidad: Un enfoque interdisciplinario y latinoamericano\"}]},{\"@type\":\"WebSite\",\"@id\":\"https:\/\/ifdc.edu.ar\/home\/#website\",\"url\":\"https:\/\/ifdc.edu.ar\/home\/\",\"name\":\"IFDC Bariloche\",\"description\":\"IFDC Bariloche\",\"potentialAction\":[{\"@type\":\"SearchAction\",\"target\":{\"@type\":\"EntryPoint\",\"urlTemplate\":\"https:\/\/ifdc.edu.ar\/home\/?s={search_term_string}\"},\"query-input\":{\"@type\":\"PropertyValueSpecification\",\"valueRequired\":true,\"valueName\":\"search_term_string\"}}],\"inLanguage\":\"es\"},{\"@type\":\"Person\",\"@id\":\"https:\/\/ifdc.edu.ar\/home\/#\/schema\/person\/d56dbc2f2489983c5270184312aab61b\",\"name\":\"admin admin\",\"image\":{\"@type\":\"ImageObject\",\"inLanguage\":\"es\",\"@id\":\"https:\/\/ifdc.edu.ar\/home\/#\/schema\/person\/image\/\",\"url\":\"https:\/\/secure.gravatar.com\/avatar\/573f53f78240008554940f49c3833d29ef6c20a351c603fc9fc8f328b60fa679?s=96&d=mm&r=g\",\"contentUrl\":\"https:\/\/secure.gravatar.com\/avatar\/573f53f78240008554940f49c3833d29ef6c20a351c603fc9fc8f328b60fa679?s=96&d=mm&r=g\",\"caption\":\"admin admin\"},\"sameAs\":[\"http:\/\/ifdc.edu.ar\"],\"url\":\"https:\/\/ifdc.edu.ar\/home\/author\/admin\/\"}]}<\/script>\n<!-- \/ Yoast SEO plugin. -->","yoast_head_json":{"title":"Discapacidad: Un enfoque interdisciplinario y latinoamericano - IFDC Bariloche","robots":{"index":"index","follow":"follow","max-snippet":"max-snippet:-1","max-image-preview":"max-image-preview:large","max-video-preview":"max-video-preview:-1"},"canonical":"https:\/\/ifdc.edu.ar\/home\/6082-2\/","og_locale":"es_ES","og_type":"article","og_title":"Discapacidad: Un enfoque interdisciplinario y latinoamericano - IFDC Bariloche","og_description":"[et_pb_section fb_built=\u00bb1&#8243; _builder_version=\u00bb4.4.8&#8243;][et_pb_row _builder_version=\u00bb4.4.8&#8243;][et_pb_column _builder_version=\u00bb4.4.8&#8243; type=\u00bb4_4&#8243;][et_pb_image src=\u00bbhttps:\/\/ifdc.edu.ar\/home\/wp-content\/uploads\/2021\/10\/Seminario-UNLP.jpeg\u00bb _builder_version=\u00bb4.4.8&#8243; title_text=\u00bbSeminario UNLP\u00bb hover_enabled=\u00bb0&#8243;][\/et_pb_image][\/et_pb_column][\/et_pb_row][\/et_pb_section][et_pb_section fb_built=\u00bb1&#8243; _builder_version=\u00bb4.4.8&#8243;][et_pb_row _builder_version=\u00bb4.4.8&#8243;][et_pb_column _builder_version=\u00bb4.4.8&#8243; type=\u00bb4_4&#8243;][et_pb_text _builder_version=\u00bb4.4.8&#8243; hover_enabled=\u00bb0&#8243;] SEMINARIO OPTATIVO | 2021Discapacidad: Un enfoque interdisciplinario y latinoamericano17\u00b0 Edici\u00f3n 4 Encuentros [&hellip;]","og_url":"https:\/\/ifdc.edu.ar\/home\/6082-2\/","og_site_name":"IFDC Bariloche","article_published_time":"2021-10-25T18:12:35+00:00","article_modified_time":"2021-10-25T18:32:58+00:00","author":"admin admin","twitter_card":"summary_large_image","twitter_misc":{"Escrito por":"admin admin","Tiempo de lectura":"1 minuto"},"schema":{"@context":"https:\/\/schema.org","@graph":[{"@type":"Article","@id":"https:\/\/ifdc.edu.ar\/home\/6082-2\/#article","isPartOf":{"@id":"https:\/\/ifdc.edu.ar\/home\/6082-2\/"},"author":{"name":"admin admin","@id":"https:\/\/ifdc.edu.ar\/home\/#\/schema\/person\/d56dbc2f2489983c5270184312aab61b"},"headline":"Discapacidad: Un enfoque interdisciplinario y latinoamericano","datePublished":"2021-10-25T18:12:35+00:00","dateModified":"2021-10-25T18:32:58+00:00","mainEntityOfPage":{"@id":"https:\/\/ifdc.edu.ar\/home\/6082-2\/"},"wordCount":283,"commentCount":0,"articleSection":["Accesibilidad"],"inLanguage":"es","potentialAction":[{"@type":"CommentAction","name":"Comment","target":["https:\/\/ifdc.edu.ar\/home\/6082-2\/#respond"]}]},{"@type":"WebPage","@id":"https:\/\/ifdc.edu.ar\/home\/6082-2\/","url":"https:\/\/ifdc.edu.ar\/home\/6082-2\/","name":"Discapacidad: Un enfoque interdisciplinario y latinoamericano - IFDC Bariloche","isPartOf":{"@id":"https:\/\/ifdc.edu.ar\/home\/#website"},"datePublished":"2021-10-25T18:12:35+00:00","dateModified":"2021-10-25T18:32:58+00:00","author":{"@id":"https:\/\/ifdc.edu.ar\/home\/#\/schema\/person\/d56dbc2f2489983c5270184312aab61b"},"breadcrumb":{"@id":"https:\/\/ifdc.edu.ar\/home\/6082-2\/#breadcrumb"},"inLanguage":"es","potentialAction":[{"@type":"ReadAction","target":["https:\/\/ifdc.edu.ar\/home\/6082-2\/"]}]},{"@type":"BreadcrumbList","@id":"https:\/\/ifdc.edu.ar\/home\/6082-2\/#breadcrumb","itemListElement":[{"@type":"ListItem","position":1,"name":"Portada","item":"https:\/\/ifdc.edu.ar\/home\/"},{"@type":"ListItem","position":2,"name":"Discapacidad: Un enfoque interdisciplinario y latinoamericano"}]},{"@type":"WebSite","@id":"https:\/\/ifdc.edu.ar\/home\/#website","url":"https:\/\/ifdc.edu.ar\/home\/","name":"IFDC Bariloche","description":"IFDC Bariloche","potentialAction":[{"@type":"SearchAction","target":{"@type":"EntryPoint","urlTemplate":"https:\/\/ifdc.edu.ar\/home\/?s={search_term_string}"},"query-input":{"@type":"PropertyValueSpecification","valueRequired":true,"valueName":"search_term_string"}}],"inLanguage":"es"},{"@type":"Person","@id":"https:\/\/ifdc.edu.ar\/home\/#\/schema\/person\/d56dbc2f2489983c5270184312aab61b","name":"admin admin","image":{"@type":"ImageObject","inLanguage":"es","@id":"https:\/\/ifdc.edu.ar\/home\/#\/schema\/person\/image\/","url":"https:\/\/secure.gravatar.com\/avatar\/573f53f78240008554940f49c3833d29ef6c20a351c603fc9fc8f328b60fa679?s=96&d=mm&r=g","contentUrl":"https:\/\/secure.gravatar.com\/avatar\/573f53f78240008554940f49c3833d29ef6c20a351c603fc9fc8f328b60fa679?s=96&d=mm&r=g","caption":"admin admin"},"sameAs":["http:\/\/ifdc.edu.ar"],"url":"https:\/\/ifdc.edu.ar\/home\/author\/admin\/"}]}},"_links":{"self":[{"href":"https:\/\/ifdc.edu.ar\/home\/wp-json\/wp\/v2\/posts\/6082","targetHints":{"allow":["GET"]}}],"collection":[{"href":"https:\/\/ifdc.edu.ar\/home\/wp-json\/wp\/v2\/posts"}],"about":[{"href":"https:\/\/ifdc.edu.ar\/home\/wp-json\/wp\/v2\/types\/post"}],"author":[{"embeddable":true,"href":"https:\/\/ifdc.edu.ar\/home\/wp-json\/wp\/v2\/users\/3"}],"replies":[{"embeddable":true,"href":"https:\/\/ifdc.edu.ar\/home\/wp-json\/wp\/v2\/comments?post=6082"}],"version-history":[{"count":3,"href":"https:\/\/ifdc.edu.ar\/home\/wp-json\/wp\/v2\/posts\/6082\/revisions"}],"predecessor-version":[{"id":6086,"href":"https:\/\/ifdc.edu.ar\/home\/wp-json\/wp\/v2\/posts\/6082\/revisions\/6086"}],"wp:attachment":[{"href":"https:\/\/ifdc.edu.ar\/home\/wp-json\/wp\/v2\/media?parent=6082"}],"wp:term":[{"taxonomy":"category","embeddable":true,"href":"https:\/\/ifdc.edu.ar\/home\/wp-json\/wp\/v2\/categories?post=6082"},{"taxonomy":"post_tag","embeddable":true,"href":"https:\/\/ifdc.edu.ar\/home\/wp-json\/wp\/v2\/tags?post=6082"}],"curies":[{"name":"wp","href":"https:\/\/api.w.org\/{rel}","templated":true}]}}