{"id":6955,"date":"2022-06-06T22:45:03","date_gmt":"2022-06-06T22:45:03","guid":{"rendered":"https:\/\/ifdc.edu.ar\/home\/?p=6955"},"modified":"2022-08-26T18:30:48","modified_gmt":"2022-08-26T18:30:48","slug":"25-profesorado-de-educacion-especial-lengua-literatura-y-su-didactica-alfabetizacion-academica-dedicacion-simple-12hs","status":"publish","type":"post","link":"https:\/\/ifdc.edu.ar\/home\/25-profesorado-de-educacion-especial-lengua-literatura-y-su-didactica-alfabetizacion-academica-dedicacion-simple-12hs\/","title":{"rendered":"25. Profesorado de Educaci\u00f3n Especial. Lengua, Literatura y su Did\u00e1ctica: Alfabetizaci\u00f3n acad\u00e9mica. Dedicaci\u00f3n Simple (12hs)"},"content":{"rendered":"<p>[et_pb_section fb_built=\u00bb1&#8243; admin_label=\u00bbsection\u00bb _builder_version=\u00bb3.22&#8243;][et_pb_row _builder_version=\u00bb4.4.8&#8243;][et_pb_column type=\u00bb4_4&#8243; _builder_version=\u00bb4.4.8&#8243;][et_pb_text _builder_version=\u00bb4.4.8&#8243; custom_margin=\u00bb||||true|true\u00bb custom_padding=\u00bb25px|25px|25px|25px|true|true\u00bb box_shadow_style=\u00bbpreset2&#8243;]<\/p>\n<h3><strong>DOCUMENTOS PARA DESCARGAR<\/strong><\/h3>\n<p><a href=\"https:\/\/docs.google.com\/document\/d\/1on-dqbekDqy6YME2WVK_tXeJTYB-Uuyd\/edit?usp=sharing&amp;ouid=103497444204897646249&amp;rtpof=true&amp;sd=true\"><strong>Planilla de inscripci\u00f3n<\/strong><\/a><\/p>\n<p><a href=\"https:\/\/drive.google.com\/file\/d\/1JLQ2NWtyVUgFQrxiyaePZejktS05WtkW\/view?usp=sharing\"><strong>Declaraci\u00f3n jurada de informaci\u00f3n preocupacional<\/strong><\/a><\/p>\n<p>[\/et_pb_text][et_pb_text _builder_version=\u00bb4.4.8&#8243; custom_padding=\u00bb25px|25px|25px|25px|true|true\u00bb box_shadow_style=\u00bbpreset1&#8243; locked=\u00bboff\u00bb]<\/p>\n<h2><span style=\"color: #1e73be;\"><b>IMPORTANTE<\/b><\/span><\/h2>\n<p><span style=\"font-weight: 400;\">Todas las titulaciones, formaciones, capacitaciones y cursos enunciados en el Curriculum Vitae deber\u00e1n estar <\/span><b>respaldados por la documentaci\u00f3n correspondiente<\/b><span style=\"font-weight: 400;\">. Para ello solicitamos adjuntar en un documento PDF el Curriculum Vitae, y en otro el DNI y todas las certificaciones en el <\/span><b>mismo orden <\/b><span style=\"font-weight: 400;\">en el que se encuentran enunciadas. Para realizar la uni\u00f3n de los documentos en un mismo PDF sugerimos la aplicaci\u00f3n online <\/span><a href=\"https:\/\/www.ilovepdf.com\/merge_pdf\"><span style=\"font-weight: 400;\">ILovePDF<\/span><\/a><span style=\"font-weight: 400;\">.<\/span><\/p>\n<p><span style=\"font-weight: 400;\">En el caso de no contar con alguna certificaci\u00f3n, este antecedente <strong>no deber\u00e1 figurar en el Curriculum<\/strong>, ya que no podr\u00e1 ser considerado por la mesa evaluadora. <\/span><\/p>\n<p><span style=\"font-size: 14px;\">\u00a0<\/span><\/p>\n<p>[\/et_pb_text][\/et_pb_column][\/et_pb_row][et_pb_row admin_label=\u00bbrow\u00bb _builder_version=\u00bb3.25&#8243; background_size=\u00bbinitial\u00bb background_position=\u00bbtop_left\u00bb background_repeat=\u00bbrepeat\u00bb min_height=\u00bb630.1px\u00bb][et_pb_column type=\u00bb4_4&#8243; _builder_version=\u00bb3.25&#8243; custom_padding=\u00bb|||\u00bb custom_padding__hover=\u00bb|||\u00bb][et_pb_text admin_label=\u00bbText\u00bb _builder_version=\u00bb4.4.8&#8243; background_size=\u00bbinitial\u00bb background_position=\u00bbtop_left\u00bb background_repeat=\u00bbrepeat\u00bb]<\/p>\n<p><span style=\"font-size: 14px;\">Concurso para cubrir un cargo:<\/span><\/p>\n<figure class=\"wp-block-table is-style-stripes\">\n<table>\n<tbody>\n<tr>\n<td><strong>AREA \/ CARRERA<\/strong><\/td>\n<td><strong>CARGOS<\/strong><\/td>\n<td><strong>CAR\u00c1CTER<\/strong><\/td>\n<\/tr>\n<tr>\n<td>PROFESORADO DE EDUCACI\u00d3N ESPECIAL.\u00a0Lengua, Literatura y su Did\u00e1ctica: Alfabetizaci\u00f3n acad\u00e9mica<\/td>\n<td>1 CARGO PROFESOR\/A \u2013 Dedicaci\u00f3n Simple (12 horas)<\/td>\n<td>SUPLENTE<\/td>\n<\/tr>\n<\/tbody>\n<\/table>\n<\/figure>\n<h4><strong>CRONOGRAMA\u00a0\u00a0 DEL\u00a0\u00a0 LLAMADO<\/strong><\/h4>\n<p><strong>DIFUSI\u00d3N:\u00a0desde el 6 al 8 de junio al de 2022.<\/strong><\/p>\n<p><strong style=\"font-size: 14px;\">INSCRIPCI\u00d3N:\u00a0del 9 al 21 de junio de 2022.<\/strong><\/p>\n<p><a href=\"https:\/\/docs.google.com\/forms\/d\/e\/1FAIpQLSdYWbBqsSkP0X2TDMcaTk73hV96V3Y2k3RN93BT9B9n6bQTcw\/viewform?usp=sf_link\">\u00a0FORMULARIO DE INSCRIPCI\u00d3N<\/a><\/p>\n<p><a style=\"font-size: 14px;\" href=\"https:\/\/drive.google.com\/file\/d\/1i-VpNNsoUtFU7BeL7Vvt_gCQpmoJg10Y\/view?usp=sharing\">Bases del Concurso AQUI<\/a><\/p>\n<p><span style=\"text-decoration: underline;\"><strong>POSTULANTES<\/strong><\/span>:<\/p>\n<p>&#8211; Prof. Julieta Santos<br \/>\n&#8211; Prof. Julia de Diego<\/p>\n<p><span style=\"text-decoration: underline;\"><strong>MESA EVALUADORA:<\/strong><\/span><\/p>\n<p>Antista Daniela (externa)<\/p>\n<p><span style=\"font-weight: 400;\">Garc\u00eda Luciana (externa)<\/span><\/p>\n<p>M\u00f3nica Delgado (Docente IFDC)<\/p>\n<p><span style=\"font-weight: 400;\">Garbarini Gricelda (estudiante)<\/span><\/p>\n<p><span style=\"font-size: 14px;\">\u00a0<\/span><\/p>\n<p>[\/et_pb_text][\/et_pb_column][\/et_pb_row][\/et_pb_section]<\/p>\n","protected":false},"excerpt":{"rendered":"<p>[et_pb_section fb_built=\u00bb1&#8243; admin_label=\u00bbsection\u00bb _builder_version=\u00bb3.22&#8243;][et_pb_row _builder_version=\u00bb4.4.8&#8243;][et_pb_column type=\u00bb4_4&#8243; _builder_version=\u00bb4.4.8&#8243;][et_pb_text _builder_version=\u00bb4.4.8&#8243; custom_margin=\u00bb||||true|true\u00bb custom_padding=\u00bb25px|25px|25px|25px|true|true\u00bb box_shadow_style=\u00bbpreset2&#8243;] DOCUMENTOS PARA DESCARGAR Planilla de inscripci\u00f3n Declaraci\u00f3n jurada de informaci\u00f3n preocupacional [\/et_pb_text][et_pb_text _builder_version=\u00bb4.4.8&#8243; custom_padding=\u00bb25px|25px|25px|25px|true|true\u00bb box_shadow_style=\u00bbpreset1&#8243; locked=\u00bboff\u00bb] IMPORTANTE Todas las [&hellip;]<\/p>\n","protected":false},"author":4,"featured_media":0,"comment_status":"open","ping_status":"open","sticky":false,"template":"","format":"standard","meta":{"_et_pb_use_builder":"on","_et_pb_old_content":"","_et_gb_content_width":"","footnotes":""},"categories":[1],"tags":[],"class_list":["post-6955","post","type-post","status-publish","format-standard","hentry","category-sin-categoria"],"yoast_head":"<!-- This site is optimized with the Yoast SEO plugin v26.9 - https:\/\/yoast.com\/product\/yoast-seo-wordpress\/ -->\n<title>25. Profesorado de Educaci\u00f3n Especial. Lengua, Literatura y su Did\u00e1ctica: Alfabetizaci\u00f3n acad\u00e9mica. Dedicaci\u00f3n Simple (12hs) - IFDC Bariloche<\/title>\n<meta name=\"robots\" content=\"index, follow, max-snippet:-1, max-image-preview:large, max-video-preview:-1\" \/>\n<link rel=\"canonical\" href=\"https:\/\/ifdc.edu.ar\/home\/25-profesorado-de-educacion-especial-lengua-literatura-y-su-didactica-alfabetizacion-academica-dedicacion-simple-12hs\/\" \/>\n<meta property=\"og:locale\" content=\"es_ES\" \/>\n<meta property=\"og:type\" content=\"article\" \/>\n<meta property=\"og:title\" content=\"25. Profesorado de Educaci\u00f3n Especial. Lengua, Literatura y su Did\u00e1ctica: Alfabetizaci\u00f3n acad\u00e9mica. Dedicaci\u00f3n Simple (12hs) - IFDC Bariloche\" \/>\n<meta property=\"og:description\" content=\"[et_pb_section fb_built=\u00bb1&#8243; admin_label=\u00bbsection\u00bb _builder_version=\u00bb3.22&#8243;][et_pb_row _builder_version=\u00bb4.4.8&#8243;][et_pb_column type=\u00bb4_4&#8243; _builder_version=\u00bb4.4.8&#8243;][et_pb_text _builder_version=\u00bb4.4.8&#8243; custom_margin=\u00bb||||true|true\u00bb custom_padding=\u00bb25px|25px|25px|25px|true|true\u00bb box_shadow_style=\u00bbpreset2&#8243;] DOCUMENTOS PARA DESCARGAR Planilla de inscripci\u00f3n Declaraci\u00f3n jurada de informaci\u00f3n preocupacional [\/et_pb_text][et_pb_text _builder_version=\u00bb4.4.8&#8243; custom_padding=\u00bb25px|25px|25px|25px|true|true\u00bb box_shadow_style=\u00bbpreset1&#8243; locked=\u00bboff\u00bb] IMPORTANTE Todas las [&hellip;]\" \/>\n<meta property=\"og:url\" content=\"https:\/\/ifdc.edu.ar\/home\/25-profesorado-de-educacion-especial-lengua-literatura-y-su-didactica-alfabetizacion-academica-dedicacion-simple-12hs\/\" \/>\n<meta property=\"og:site_name\" content=\"IFDC Bariloche\" \/>\n<meta property=\"article:published_time\" content=\"2022-06-06T22:45:03+00:00\" \/>\n<meta property=\"article:modified_time\" content=\"2022-08-26T18:30:48+00:00\" \/>\n<meta name=\"author\" content=\"Secretar\u00eda General\" \/>\n<meta name=\"twitter:card\" content=\"summary_large_image\" \/>\n<meta name=\"twitter:label1\" content=\"Escrito por\" \/>\n\t<meta name=\"twitter:data1\" content=\"Secretar\u00eda General\" \/>\n\t<meta name=\"twitter:label2\" content=\"Tiempo de lectura\" \/>\n\t<meta name=\"twitter:data2\" content=\"2 minutos\" \/>\n<script type=\"application\/ld+json\" class=\"yoast-schema-graph\">{\"@context\":\"https:\/\/schema.org\",\"@graph\":[{\"@type\":\"Article\",\"@id\":\"https:\/\/ifdc.edu.ar\/home\/25-profesorado-de-educacion-especial-lengua-literatura-y-su-didactica-alfabetizacion-academica-dedicacion-simple-12hs\/#article\",\"isPartOf\":{\"@id\":\"https:\/\/ifdc.edu.ar\/home\/25-profesorado-de-educacion-especial-lengua-literatura-y-su-didactica-alfabetizacion-academica-dedicacion-simple-12hs\/\"},\"author\":{\"name\":\"Secretar\u00eda General\",\"@id\":\"https:\/\/ifdc.edu.ar\/home\/#\/schema\/person\/97b8e6299f702d45ae8ff5abd5d8574a\"},\"headline\":\"25. Profesorado de Educaci\u00f3n Especial. Lengua, Literatura y su Did\u00e1ctica: Alfabetizaci\u00f3n acad\u00e9mica. Dedicaci\u00f3n Simple (12hs)\",\"datePublished\":\"2022-06-06T22:45:03+00:00\",\"dateModified\":\"2022-08-26T18:30:48+00:00\",\"mainEntityOfPage\":{\"@id\":\"https:\/\/ifdc.edu.ar\/home\/25-profesorado-de-educacion-especial-lengua-literatura-y-su-didactica-alfabetizacion-academica-dedicacion-simple-12hs\/\"},\"wordCount\":353,\"commentCount\":0,\"inLanguage\":\"es\",\"potentialAction\":[{\"@type\":\"CommentAction\",\"name\":\"Comment\",\"target\":[\"https:\/\/ifdc.edu.ar\/home\/25-profesorado-de-educacion-especial-lengua-literatura-y-su-didactica-alfabetizacion-academica-dedicacion-simple-12hs\/#respond\"]}]},{\"@type\":\"WebPage\",\"@id\":\"https:\/\/ifdc.edu.ar\/home\/25-profesorado-de-educacion-especial-lengua-literatura-y-su-didactica-alfabetizacion-academica-dedicacion-simple-12hs\/\",\"url\":\"https:\/\/ifdc.edu.ar\/home\/25-profesorado-de-educacion-especial-lengua-literatura-y-su-didactica-alfabetizacion-academica-dedicacion-simple-12hs\/\",\"name\":\"25. Profesorado de Educaci\u00f3n Especial. Lengua, Literatura y su Did\u00e1ctica: Alfabetizaci\u00f3n acad\u00e9mica. Dedicaci\u00f3n Simple (12hs) - IFDC Bariloche\",\"isPartOf\":{\"@id\":\"https:\/\/ifdc.edu.ar\/home\/#website\"},\"datePublished\":\"2022-06-06T22:45:03+00:00\",\"dateModified\":\"2022-08-26T18:30:48+00:00\",\"author\":{\"@id\":\"https:\/\/ifdc.edu.ar\/home\/#\/schema\/person\/97b8e6299f702d45ae8ff5abd5d8574a\"},\"breadcrumb\":{\"@id\":\"https:\/\/ifdc.edu.ar\/home\/25-profesorado-de-educacion-especial-lengua-literatura-y-su-didactica-alfabetizacion-academica-dedicacion-simple-12hs\/#breadcrumb\"},\"inLanguage\":\"es\",\"potentialAction\":[{\"@type\":\"ReadAction\",\"target\":[\"https:\/\/ifdc.edu.ar\/home\/25-profesorado-de-educacion-especial-lengua-literatura-y-su-didactica-alfabetizacion-academica-dedicacion-simple-12hs\/\"]}]},{\"@type\":\"BreadcrumbList\",\"@id\":\"https:\/\/ifdc.edu.ar\/home\/25-profesorado-de-educacion-especial-lengua-literatura-y-su-didactica-alfabetizacion-academica-dedicacion-simple-12hs\/#breadcrumb\",\"itemListElement\":[{\"@type\":\"ListItem\",\"position\":1,\"name\":\"Portada\",\"item\":\"https:\/\/ifdc.edu.ar\/home\/\"},{\"@type\":\"ListItem\",\"position\":2,\"name\":\"25. Profesorado de Educaci\u00f3n Especial. Lengua, Literatura y su Did\u00e1ctica: Alfabetizaci\u00f3n acad\u00e9mica. Dedicaci\u00f3n Simple (12hs)\"}]},{\"@type\":\"WebSite\",\"@id\":\"https:\/\/ifdc.edu.ar\/home\/#website\",\"url\":\"https:\/\/ifdc.edu.ar\/home\/\",\"name\":\"IFDC Bariloche\",\"description\":\"IFDC Bariloche\",\"potentialAction\":[{\"@type\":\"SearchAction\",\"target\":{\"@type\":\"EntryPoint\",\"urlTemplate\":\"https:\/\/ifdc.edu.ar\/home\/?s={search_term_string}\"},\"query-input\":{\"@type\":\"PropertyValueSpecification\",\"valueRequired\":true,\"valueName\":\"search_term_string\"}}],\"inLanguage\":\"es\"},{\"@type\":\"Person\",\"@id\":\"https:\/\/ifdc.edu.ar\/home\/#\/schema\/person\/97b8e6299f702d45ae8ff5abd5d8574a\",\"name\":\"Secretar\u00eda General\",\"image\":{\"@type\":\"ImageObject\",\"inLanguage\":\"es\",\"@id\":\"https:\/\/ifdc.edu.ar\/home\/#\/schema\/person\/image\/\",\"url\":\"https:\/\/secure.gravatar.com\/avatar\/da02723ad923a244687347bb837b2955ea737963e6481c36d8d556f717cd63e8?s=96&d=mm&r=g\",\"contentUrl\":\"https:\/\/secure.gravatar.com\/avatar\/da02723ad923a244687347bb837b2955ea737963e6481c36d8d556f717cd63e8?s=96&d=mm&r=g\",\"caption\":\"Secretar\u00eda General\"},\"url\":\"https:\/\/ifdc.edu.ar\/home\/author\/secregeneral\/\"}]}<\/script>\n<!-- \/ Yoast SEO plugin. -->","yoast_head_json":{"title":"25. Profesorado de Educaci\u00f3n Especial. Lengua, Literatura y su Did\u00e1ctica: Alfabetizaci\u00f3n acad\u00e9mica. Dedicaci\u00f3n Simple (12hs) - IFDC Bariloche","robots":{"index":"index","follow":"follow","max-snippet":"max-snippet:-1","max-image-preview":"max-image-preview:large","max-video-preview":"max-video-preview:-1"},"canonical":"https:\/\/ifdc.edu.ar\/home\/25-profesorado-de-educacion-especial-lengua-literatura-y-su-didactica-alfabetizacion-academica-dedicacion-simple-12hs\/","og_locale":"es_ES","og_type":"article","og_title":"25. Profesorado de Educaci\u00f3n Especial. Lengua, Literatura y su Did\u00e1ctica: Alfabetizaci\u00f3n acad\u00e9mica. Dedicaci\u00f3n Simple (12hs) - IFDC Bariloche","og_description":"[et_pb_section fb_built=\u00bb1&#8243; admin_label=\u00bbsection\u00bb _builder_version=\u00bb3.22&#8243;][et_pb_row _builder_version=\u00bb4.4.8&#8243;][et_pb_column type=\u00bb4_4&#8243; _builder_version=\u00bb4.4.8&#8243;][et_pb_text _builder_version=\u00bb4.4.8&#8243; custom_margin=\u00bb||||true|true\u00bb custom_padding=\u00bb25px|25px|25px|25px|true|true\u00bb box_shadow_style=\u00bbpreset2&#8243;] DOCUMENTOS PARA DESCARGAR Planilla de inscripci\u00f3n Declaraci\u00f3n jurada de informaci\u00f3n preocupacional [\/et_pb_text][et_pb_text _builder_version=\u00bb4.4.8&#8243; custom_padding=\u00bb25px|25px|25px|25px|true|true\u00bb box_shadow_style=\u00bbpreset1&#8243; locked=\u00bboff\u00bb] IMPORTANTE Todas las [&hellip;]","og_url":"https:\/\/ifdc.edu.ar\/home\/25-profesorado-de-educacion-especial-lengua-literatura-y-su-didactica-alfabetizacion-academica-dedicacion-simple-12hs\/","og_site_name":"IFDC Bariloche","article_published_time":"2022-06-06T22:45:03+00:00","article_modified_time":"2022-08-26T18:30:48+00:00","author":"Secretar\u00eda General","twitter_card":"summary_large_image","twitter_misc":{"Escrito por":"Secretar\u00eda General","Tiempo de lectura":"2 minutos"},"schema":{"@context":"https:\/\/schema.org","@graph":[{"@type":"Article","@id":"https:\/\/ifdc.edu.ar\/home\/25-profesorado-de-educacion-especial-lengua-literatura-y-su-didactica-alfabetizacion-academica-dedicacion-simple-12hs\/#article","isPartOf":{"@id":"https:\/\/ifdc.edu.ar\/home\/25-profesorado-de-educacion-especial-lengua-literatura-y-su-didactica-alfabetizacion-academica-dedicacion-simple-12hs\/"},"author":{"name":"Secretar\u00eda General","@id":"https:\/\/ifdc.edu.ar\/home\/#\/schema\/person\/97b8e6299f702d45ae8ff5abd5d8574a"},"headline":"25. Profesorado de Educaci\u00f3n Especial. Lengua, Literatura y su Did\u00e1ctica: Alfabetizaci\u00f3n acad\u00e9mica. Dedicaci\u00f3n Simple (12hs)","datePublished":"2022-06-06T22:45:03+00:00","dateModified":"2022-08-26T18:30:48+00:00","mainEntityOfPage":{"@id":"https:\/\/ifdc.edu.ar\/home\/25-profesorado-de-educacion-especial-lengua-literatura-y-su-didactica-alfabetizacion-academica-dedicacion-simple-12hs\/"},"wordCount":353,"commentCount":0,"inLanguage":"es","potentialAction":[{"@type":"CommentAction","name":"Comment","target":["https:\/\/ifdc.edu.ar\/home\/25-profesorado-de-educacion-especial-lengua-literatura-y-su-didactica-alfabetizacion-academica-dedicacion-simple-12hs\/#respond"]}]},{"@type":"WebPage","@id":"https:\/\/ifdc.edu.ar\/home\/25-profesorado-de-educacion-especial-lengua-literatura-y-su-didactica-alfabetizacion-academica-dedicacion-simple-12hs\/","url":"https:\/\/ifdc.edu.ar\/home\/25-profesorado-de-educacion-especial-lengua-literatura-y-su-didactica-alfabetizacion-academica-dedicacion-simple-12hs\/","name":"25. Profesorado de Educaci\u00f3n Especial. Lengua, Literatura y su Did\u00e1ctica: Alfabetizaci\u00f3n acad\u00e9mica. Dedicaci\u00f3n Simple (12hs) - IFDC Bariloche","isPartOf":{"@id":"https:\/\/ifdc.edu.ar\/home\/#website"},"datePublished":"2022-06-06T22:45:03+00:00","dateModified":"2022-08-26T18:30:48+00:00","author":{"@id":"https:\/\/ifdc.edu.ar\/home\/#\/schema\/person\/97b8e6299f702d45ae8ff5abd5d8574a"},"breadcrumb":{"@id":"https:\/\/ifdc.edu.ar\/home\/25-profesorado-de-educacion-especial-lengua-literatura-y-su-didactica-alfabetizacion-academica-dedicacion-simple-12hs\/#breadcrumb"},"inLanguage":"es","potentialAction":[{"@type":"ReadAction","target":["https:\/\/ifdc.edu.ar\/home\/25-profesorado-de-educacion-especial-lengua-literatura-y-su-didactica-alfabetizacion-academica-dedicacion-simple-12hs\/"]}]},{"@type":"BreadcrumbList","@id":"https:\/\/ifdc.edu.ar\/home\/25-profesorado-de-educacion-especial-lengua-literatura-y-su-didactica-alfabetizacion-academica-dedicacion-simple-12hs\/#breadcrumb","itemListElement":[{"@type":"ListItem","position":1,"name":"Portada","item":"https:\/\/ifdc.edu.ar\/home\/"},{"@type":"ListItem","position":2,"name":"25. Profesorado de Educaci\u00f3n Especial. Lengua, Literatura y su Did\u00e1ctica: Alfabetizaci\u00f3n acad\u00e9mica. Dedicaci\u00f3n Simple (12hs)"}]},{"@type":"WebSite","@id":"https:\/\/ifdc.edu.ar\/home\/#website","url":"https:\/\/ifdc.edu.ar\/home\/","name":"IFDC Bariloche","description":"IFDC Bariloche","potentialAction":[{"@type":"SearchAction","target":{"@type":"EntryPoint","urlTemplate":"https:\/\/ifdc.edu.ar\/home\/?s={search_term_string}"},"query-input":{"@type":"PropertyValueSpecification","valueRequired":true,"valueName":"search_term_string"}}],"inLanguage":"es"},{"@type":"Person","@id":"https:\/\/ifdc.edu.ar\/home\/#\/schema\/person\/97b8e6299f702d45ae8ff5abd5d8574a","name":"Secretar\u00eda General","image":{"@type":"ImageObject","inLanguage":"es","@id":"https:\/\/ifdc.edu.ar\/home\/#\/schema\/person\/image\/","url":"https:\/\/secure.gravatar.com\/avatar\/da02723ad923a244687347bb837b2955ea737963e6481c36d8d556f717cd63e8?s=96&d=mm&r=g","contentUrl":"https:\/\/secure.gravatar.com\/avatar\/da02723ad923a244687347bb837b2955ea737963e6481c36d8d556f717cd63e8?s=96&d=mm&r=g","caption":"Secretar\u00eda General"},"url":"https:\/\/ifdc.edu.ar\/home\/author\/secregeneral\/"}]}},"_links":{"self":[{"href":"https:\/\/ifdc.edu.ar\/home\/wp-json\/wp\/v2\/posts\/6955","targetHints":{"allow":["GET"]}}],"collection":[{"href":"https:\/\/ifdc.edu.ar\/home\/wp-json\/wp\/v2\/posts"}],"about":[{"href":"https:\/\/ifdc.edu.ar\/home\/wp-json\/wp\/v2\/types\/post"}],"author":[{"embeddable":true,"href":"https:\/\/ifdc.edu.ar\/home\/wp-json\/wp\/v2\/users\/4"}],"replies":[{"embeddable":true,"href":"https:\/\/ifdc.edu.ar\/home\/wp-json\/wp\/v2\/comments?post=6955"}],"version-history":[{"count":7,"href":"https:\/\/ifdc.edu.ar\/home\/wp-json\/wp\/v2\/posts\/6955\/revisions"}],"predecessor-version":[{"id":6997,"href":"https:\/\/ifdc.edu.ar\/home\/wp-json\/wp\/v2\/posts\/6955\/revisions\/6997"}],"wp:attachment":[{"href":"https:\/\/ifdc.edu.ar\/home\/wp-json\/wp\/v2\/media?parent=6955"}],"wp:term":[{"taxonomy":"category","embeddable":true,"href":"https:\/\/ifdc.edu.ar\/home\/wp-json\/wp\/v2\/categories?post=6955"},{"taxonomy":"post_tag","embeddable":true,"href":"https:\/\/ifdc.edu.ar\/home\/wp-json\/wp\/v2\/tags?post=6955"}],"curies":[{"name":"wp","href":"https:\/\/api.w.org\/{rel}","templated":true}]}}