{"id":7004,"date":"2022-07-04T16:24:32","date_gmt":"2022-07-04T16:24:32","guid":{"rendered":"https:\/\/ifdc.edu.ar\/home\/?p=7004"},"modified":"2022-08-26T18:30:35","modified_gmt":"2022-08-26T18:30:35","slug":"1o-2-profesorado-de-educacion-inicial-area-lengua-y-literatura-orientacion-lengua-dedic-semiexclusiva-interino-2","status":"publish","type":"post","link":"https:\/\/ifdc.edu.ar\/home\/1o-2-profesorado-de-educacion-inicial-area-lengua-y-literatura-orientacion-lengua-dedic-semiexclusiva-interino-2\/","title":{"rendered":"1O.2- PROFESORADO DE EDUCACI\u00d3N INICIAL: \u00c1REA LENGUA Y LITERATURA, ORIENTACI\u00d3N LENGUA, DEDIC. SEMIEXCLUSIVA, INTERINO."},"content":{"rendered":"[et_pb_section fb_built=\u00bb1&#8243; admin_label=\u00bbsection\u00bb _builder_version=\u00bb3.22&#8243;][et_pb_row _builder_version=\u00bb4.4.8&#8243;][et_pb_column type=\u00bb4_4&#8243; _builder_version=\u00bb4.4.8&#8243;][et_pb_text _builder_version=\u00bb4.4.8&#8243; custom_margin=\u00bb||||true|true\u00bb custom_padding=\u00bb25px|25px|25px|25px|true|true\u00bb box_shadow_style=\u00bbpreset2&#8243;]<h3><strong>DOCUMENTOS PARA DESCARGAR<\/strong><\/h3>\n<p><a href=\"https:\/\/docs.google.com\/document\/d\/1on-dqbekDqy6YME2WVK_tXeJTYB-Uuyd\/edit?usp=sharing&amp;ouid=103497444204897646249&amp;rtpof=true&amp;sd=true\"><strong>Planilla de inscripci\u00f3n<\/strong><\/a><\/p>\n<p><a href=\"https:\/\/drive.google.com\/file\/d\/1JLQ2NWtyVUgFQrxiyaePZejktS05WtkW\/view?usp=sharing\"><strong>Declaraci\u00f3n jurada de informaci\u00f3n preocupacional<\/strong><\/a><\/p>\n<p><strong><\/strong><\/p>[\/et_pb_text][et_pb_text _builder_version=\u00bb4.4.8&#8243; custom_padding=\u00bb25px|25px|25px|25px|true|true\u00bb box_shadow_style=\u00bbpreset1&#8243; locked=\u00bboff\u00bb]<h2><span color=\"#1e73be\" style=\"color: #1e73be;\"><b>IMPORTANTE<\/b><\/span><\/h2>\n<p><span style=\"font-weight: 400;\">Todas las titulaciones, formaciones, capacitaciones y cursos enunciados en el Curriculum Vitae deber\u00e1n estar <\/span><b>respaldados por la documentaci\u00f3n correspondiente<\/b><span style=\"font-weight: 400;\">. Para ello solicitamos adjuntar en un documento PDF el Curriculum Vitae, y en otro el DNI y todas las certificaciones en el <\/span><b>mismo orden <\/b><span style=\"font-weight: 400;\">en el que se encuentran enunciadas. Para realizar la uni\u00f3n de los documentos en un mismo PDF sugerimos la aplicaci\u00f3n online <\/span><a href=\"https:\/\/www.ilovepdf.com\/merge_pdf\"><span style=\"font-weight: 400;\">ILovePDF<\/span><\/a><span style=\"font-weight: 400;\">.<\/span><\/p>\n<p><span style=\"font-weight: 400;\">En el caso de no contar con alguna certificaci\u00f3n, este antecedente <strong>no deber\u00e1 figurar en el Curriculum<\/strong>, ya que no podr\u00e1 ser considerado por la mesa evaluadora. <\/span><\/p>\n<p><span><\/span><span style=\"font-size: 14px;\">\u00a0<\/span><\/p>[\/et_pb_text][\/et_pb_column][\/et_pb_row][et_pb_row admin_label=\u00bbrow\u00bb _builder_version=\u00bb3.25&#8243; background_size=\u00bbinitial\u00bb background_position=\u00bbtop_left\u00bb background_repeat=\u00bbrepeat\u00bb][et_pb_column type=\u00bb4_4&#8243; _builder_version=\u00bb3.25&#8243; custom_padding=\u00bb|||\u00bb custom_padding__hover=\u00bb|||\u00bb][et_pb_text admin_label=\u00bbText\u00bb _builder_version=\u00bb4.4.8&#8243; background_size=\u00bbinitial\u00bb background_position=\u00bbtop_left\u00bb background_repeat=\u00bbrepeat\u00bb]<p><\/p>\n<p>Concurso para cubrir un cargo:<\/p>\n<p><\/p>\n<p><\/p>\n<figure class=\"wp-block-table is-style-stripes\">\n<table>\n<tbody>\n<tr>\n<td><strong>AREA \/ CARRERA<\/strong><\/td>\n<td><strong>CARGOS<\/strong><\/td>\n<td><strong>CAR\u00c1CTER<\/strong><\/td>\n<\/tr>\n<tr>\n<td><span>\u00c1REA LENGUA Y LITERATURA, ORIENTACI\u00d3N LENGUA<\/span><\/td>\n<td>LENGUA 1 CARGO PROFESOR\/A DEDICACI\u00d3N SEMIEXCLUSIVA (20 HORAS)<\/td>\n<td><span>INTERINO<\/span><\/td>\n<\/tr>\n<\/tbody>\n<\/table>\n<\/figure>\n<p><\/p>\n<h4 class=\"wp-block-heading\"><strong>CRONOGRAMA\u00a0\u00a0 DEL\u00a0\u00a0 LLAMADO<\/strong><\/h4>\n<p><\/p>\n<p><\/p>\n<p data-wahfont=\"14\"><b>DIFUSI\u00d3N:<\/b><span data-wahfont=\"14\">\u00a0del 12 al 16 de mayo de 2022<\/span><\/p>\n<p data-wahfont=\"14\"><b>INSCRIPCI\u00d3N VIRTUAL<\/b><b>: \u00a0<span>\u00a0<\/span><\/b><span data-wahfont=\"14\">Del 17 de mayo\u00a0 al 26 de mayo de 2022 V\u00eda Formulario subido en secci\u00f3n de concursos de la p\u00e1gina IFDC Bariloche<\/span><\/p>\n<p><a href=\"https:\/\/docs.google.com\/forms\/d\/e\/1FAIpQLScSh-pOzqpT8kqgbBHtuzNZ5rFGdO3rAAW0dw8d4jdFXuqZag\/viewform\"><\/a><\/p>\n<p><a href=\"https:\/\/docs.google.com\/forms\/d\/e\/1FAIpQLScSh-pOzqpT8kqgbBHtuzNZ5rFGdO3rAAW0dw8d4jdFXuqZag\/viewform\"><\/a><\/p>\n<p><a href=\"https:\/\/docs.google.com\/forms\/d\/e\/1FAIpQLScSh-pOzqpT8kqgbBHtuzNZ5rFGdO3rAAW0dw8d4jdFXuqZag\/viewform\">FORMULARIO DE INSCRIPCI\u00d3N<\/a><\/p>\n<p>EL FORMULARIO CIERRA A LAS 18 HS<\/p>\n<p><a href=\"https:\/\/drive.google.com\/file\/d\/1vN6S9zsUEwiMtCCEi8QoGIb_1DODEEp0\/view?usp=sharing\"><\/a><\/p>\n<p><a href=\"https:\/\/drive.google.com\/file\/d\/1vN6S9zsUEwiMtCCEi8QoGIb_1DODEEp0\/view?usp=sharing\">Bases del Concurso AQUI<\/a><\/p>\n<p><span style=\"text-decoration: underline;\"><strong>MESA EVALUADORA:<\/strong><\/span><\/p>\n<p>Prof. Graciela Mastella (evaluadora externa)<span style=\"text-decoration: underline;\"><strong><\/strong><\/span><\/p>\n<p>Prof. Paz Jacquier (evaluadora IFDC)<\/p>\n<p>Prof. Natalia Rodriguez (evaluadora IFDC)<\/p>\n<p>EST. Sof\u00eda Chac\u00f3n<\/p>\n<p><span style=\"text-decoration: underline;\"><strong>POSTULANTES:<\/strong><\/span><\/p>\n<p><span style=\"text-decoration: underline;\"><strong><\/strong><\/span><\/p>\n<p>\u00a0\u00a8Prof. Mariana \u00c1gueda Gattoni<\/p>\n<p><\/p>[\/et_pb_text][\/et_pb_column][\/et_pb_row][\/et_pb_section]","protected":false},"excerpt":{"rendered":"<p>[et_pb_section fb_built=\u00bb1&#8243; admin_label=\u00bbsection\u00bb _builder_version=\u00bb3.22&#8243;][et_pb_row _builder_version=\u00bb4.4.8&#8243;][et_pb_column type=\u00bb4_4&#8243; _builder_version=\u00bb4.4.8&#8243;][et_pb_text _builder_version=\u00bb4.4.8&#8243; custom_margin=\u00bb||||true|true\u00bb custom_padding=\u00bb25px|25px|25px|25px|true|true\u00bb box_shadow_style=\u00bbpreset2&#8243;] DOCUMENTOS PARA DESCARGAR Planilla de inscripci\u00f3n Declaraci\u00f3n jurada de informaci\u00f3n preocupacional [\/et_pb_text][et_pb_text _builder_version=\u00bb4.4.8&#8243; custom_padding=\u00bb25px|25px|25px|25px|true|true\u00bb box_shadow_style=\u00bbpreset1&#8243; locked=\u00bboff\u00bb] IMPORTANTE Todas las [&hellip;]<\/p>\n","protected":false},"author":3,"featured_media":0,"comment_status":"open","ping_status":"open","sticky":false,"template":"","format":"standard","meta":{"_et_pb_use_builder":"on","_et_pb_old_content":"","_et_gb_content_width":"","footnotes":""},"categories":[1],"tags":[],"class_list":["post-7004","post","type-post","status-publish","format-standard","hentry","category-sin-categoria"],"yoast_head":"<!-- This site is optimized with the Yoast SEO plugin v26.9 - https:\/\/yoast.com\/product\/yoast-seo-wordpress\/ -->\n<title>1O.2- PROFESORADO DE EDUCACI\u00d3N INICIAL: \u00c1REA LENGUA Y LITERATURA, ORIENTACI\u00d3N LENGUA, DEDIC. SEMIEXCLUSIVA, INTERINO. - IFDC Bariloche<\/title>\n<meta name=\"robots\" content=\"index, follow, max-snippet:-1, max-image-preview:large, max-video-preview:-1\" \/>\n<link rel=\"canonical\" href=\"https:\/\/ifdc.edu.ar\/home\/1o-2-profesorado-de-educacion-inicial-area-lengua-y-literatura-orientacion-lengua-dedic-semiexclusiva-interino-2\/\" \/>\n<meta property=\"og:locale\" content=\"es_ES\" \/>\n<meta property=\"og:type\" content=\"article\" \/>\n<meta property=\"og:title\" content=\"1O.2- PROFESORADO DE EDUCACI\u00d3N INICIAL: \u00c1REA LENGUA Y LITERATURA, ORIENTACI\u00d3N LENGUA, DEDIC. SEMIEXCLUSIVA, INTERINO. - IFDC Bariloche\" \/>\n<meta property=\"og:description\" content=\"[et_pb_section fb_built=\u00bb1&#8243; admin_label=\u00bbsection\u00bb _builder_version=\u00bb3.22&#8243;][et_pb_row _builder_version=\u00bb4.4.8&#8243;][et_pb_column type=\u00bb4_4&#8243; _builder_version=\u00bb4.4.8&#8243;][et_pb_text _builder_version=\u00bb4.4.8&#8243; custom_margin=\u00bb||||true|true\u00bb custom_padding=\u00bb25px|25px|25px|25px|true|true\u00bb box_shadow_style=\u00bbpreset2&#8243;] DOCUMENTOS PARA DESCARGAR Planilla de inscripci\u00f3n Declaraci\u00f3n jurada de informaci\u00f3n preocupacional [\/et_pb_text][et_pb_text _builder_version=\u00bb4.4.8&#8243; custom_padding=\u00bb25px|25px|25px|25px|true|true\u00bb box_shadow_style=\u00bbpreset1&#8243; locked=\u00bboff\u00bb] IMPORTANTE Todas las [&hellip;]\" \/>\n<meta property=\"og:url\" content=\"https:\/\/ifdc.edu.ar\/home\/1o-2-profesorado-de-educacion-inicial-area-lengua-y-literatura-orientacion-lengua-dedic-semiexclusiva-interino-2\/\" \/>\n<meta property=\"og:site_name\" content=\"IFDC Bariloche\" \/>\n<meta property=\"article:published_time\" content=\"2022-07-04T16:24:32+00:00\" \/>\n<meta property=\"article:modified_time\" content=\"2022-08-26T18:30:35+00:00\" \/>\n<meta name=\"author\" content=\"admin admin\" \/>\n<meta name=\"twitter:card\" content=\"summary_large_image\" \/>\n<meta name=\"twitter:label1\" content=\"Escrito por\" \/>\n\t<meta name=\"twitter:data1\" content=\"admin admin\" \/>\n\t<meta name=\"twitter:label2\" content=\"Tiempo de lectura\" \/>\n\t<meta name=\"twitter:data2\" content=\"2 minutos\" \/>\n<script type=\"application\/ld+json\" class=\"yoast-schema-graph\">{\"@context\":\"https:\/\/schema.org\",\"@graph\":[{\"@type\":\"Article\",\"@id\":\"https:\/\/ifdc.edu.ar\/home\/1o-2-profesorado-de-educacion-inicial-area-lengua-y-literatura-orientacion-lengua-dedic-semiexclusiva-interino-2\/#article\",\"isPartOf\":{\"@id\":\"https:\/\/ifdc.edu.ar\/home\/1o-2-profesorado-de-educacion-inicial-area-lengua-y-literatura-orientacion-lengua-dedic-semiexclusiva-interino-2\/\"},\"author\":{\"name\":\"admin admin\",\"@id\":\"https:\/\/ifdc.edu.ar\/home\/#\/schema\/person\/d56dbc2f2489983c5270184312aab61b\"},\"headline\":\"1O.2- PROFESORADO DE EDUCACI\u00d3N INICIAL: \u00c1REA LENGUA Y LITERATURA, ORIENTACI\u00d3N LENGUA, DEDIC. SEMIEXCLUSIVA, INTERINO.\",\"datePublished\":\"2022-07-04T16:24:32+00:00\",\"dateModified\":\"2022-08-26T18:30:35+00:00\",\"mainEntityOfPage\":{\"@id\":\"https:\/\/ifdc.edu.ar\/home\/1o-2-profesorado-de-educacion-inicial-area-lengua-y-literatura-orientacion-lengua-dedic-semiexclusiva-interino-2\/\"},\"wordCount\":363,\"commentCount\":0,\"inLanguage\":\"es\",\"potentialAction\":[{\"@type\":\"CommentAction\",\"name\":\"Comment\",\"target\":[\"https:\/\/ifdc.edu.ar\/home\/1o-2-profesorado-de-educacion-inicial-area-lengua-y-literatura-orientacion-lengua-dedic-semiexclusiva-interino-2\/#respond\"]}]},{\"@type\":\"WebPage\",\"@id\":\"https:\/\/ifdc.edu.ar\/home\/1o-2-profesorado-de-educacion-inicial-area-lengua-y-literatura-orientacion-lengua-dedic-semiexclusiva-interino-2\/\",\"url\":\"https:\/\/ifdc.edu.ar\/home\/1o-2-profesorado-de-educacion-inicial-area-lengua-y-literatura-orientacion-lengua-dedic-semiexclusiva-interino-2\/\",\"name\":\"1O.2- PROFESORADO DE EDUCACI\u00d3N INICIAL: \u00c1REA LENGUA Y LITERATURA, ORIENTACI\u00d3N LENGUA, DEDIC. SEMIEXCLUSIVA, INTERINO. - IFDC Bariloche\",\"isPartOf\":{\"@id\":\"https:\/\/ifdc.edu.ar\/home\/#website\"},\"datePublished\":\"2022-07-04T16:24:32+00:00\",\"dateModified\":\"2022-08-26T18:30:35+00:00\",\"author\":{\"@id\":\"https:\/\/ifdc.edu.ar\/home\/#\/schema\/person\/d56dbc2f2489983c5270184312aab61b\"},\"breadcrumb\":{\"@id\":\"https:\/\/ifdc.edu.ar\/home\/1o-2-profesorado-de-educacion-inicial-area-lengua-y-literatura-orientacion-lengua-dedic-semiexclusiva-interino-2\/#breadcrumb\"},\"inLanguage\":\"es\",\"potentialAction\":[{\"@type\":\"ReadAction\",\"target\":[\"https:\/\/ifdc.edu.ar\/home\/1o-2-profesorado-de-educacion-inicial-area-lengua-y-literatura-orientacion-lengua-dedic-semiexclusiva-interino-2\/\"]}]},{\"@type\":\"BreadcrumbList\",\"@id\":\"https:\/\/ifdc.edu.ar\/home\/1o-2-profesorado-de-educacion-inicial-area-lengua-y-literatura-orientacion-lengua-dedic-semiexclusiva-interino-2\/#breadcrumb\",\"itemListElement\":[{\"@type\":\"ListItem\",\"position\":1,\"name\":\"Portada\",\"item\":\"https:\/\/ifdc.edu.ar\/home\/\"},{\"@type\":\"ListItem\",\"position\":2,\"name\":\"1O.2- PROFESORADO DE EDUCACI\u00d3N INICIAL: \u00c1REA LENGUA Y LITERATURA, ORIENTACI\u00d3N LENGUA, DEDIC. SEMIEXCLUSIVA, INTERINO.\"}]},{\"@type\":\"WebSite\",\"@id\":\"https:\/\/ifdc.edu.ar\/home\/#website\",\"url\":\"https:\/\/ifdc.edu.ar\/home\/\",\"name\":\"IFDC Bariloche\",\"description\":\"IFDC Bariloche\",\"potentialAction\":[{\"@type\":\"SearchAction\",\"target\":{\"@type\":\"EntryPoint\",\"urlTemplate\":\"https:\/\/ifdc.edu.ar\/home\/?s={search_term_string}\"},\"query-input\":{\"@type\":\"PropertyValueSpecification\",\"valueRequired\":true,\"valueName\":\"search_term_string\"}}],\"inLanguage\":\"es\"},{\"@type\":\"Person\",\"@id\":\"https:\/\/ifdc.edu.ar\/home\/#\/schema\/person\/d56dbc2f2489983c5270184312aab61b\",\"name\":\"admin admin\",\"image\":{\"@type\":\"ImageObject\",\"inLanguage\":\"es\",\"@id\":\"https:\/\/ifdc.edu.ar\/home\/#\/schema\/person\/image\/\",\"url\":\"https:\/\/secure.gravatar.com\/avatar\/573f53f78240008554940f49c3833d29ef6c20a351c603fc9fc8f328b60fa679?s=96&d=mm&r=g\",\"contentUrl\":\"https:\/\/secure.gravatar.com\/avatar\/573f53f78240008554940f49c3833d29ef6c20a351c603fc9fc8f328b60fa679?s=96&d=mm&r=g\",\"caption\":\"admin admin\"},\"sameAs\":[\"http:\/\/ifdc.edu.ar\"],\"url\":\"https:\/\/ifdc.edu.ar\/home\/author\/admin\/\"}]}<\/script>\n<!-- \/ Yoast SEO plugin. -->","yoast_head_json":{"title":"1O.2- PROFESORADO DE EDUCACI\u00d3N INICIAL: \u00c1REA LENGUA Y LITERATURA, ORIENTACI\u00d3N LENGUA, DEDIC. SEMIEXCLUSIVA, INTERINO. - IFDC Bariloche","robots":{"index":"index","follow":"follow","max-snippet":"max-snippet:-1","max-image-preview":"max-image-preview:large","max-video-preview":"max-video-preview:-1"},"canonical":"https:\/\/ifdc.edu.ar\/home\/1o-2-profesorado-de-educacion-inicial-area-lengua-y-literatura-orientacion-lengua-dedic-semiexclusiva-interino-2\/","og_locale":"es_ES","og_type":"article","og_title":"1O.2- PROFESORADO DE EDUCACI\u00d3N INICIAL: \u00c1REA LENGUA Y LITERATURA, ORIENTACI\u00d3N LENGUA, DEDIC. SEMIEXCLUSIVA, INTERINO. - IFDC Bariloche","og_description":"[et_pb_section fb_built=\u00bb1&#8243; admin_label=\u00bbsection\u00bb _builder_version=\u00bb3.22&#8243;][et_pb_row _builder_version=\u00bb4.4.8&#8243;][et_pb_column type=\u00bb4_4&#8243; _builder_version=\u00bb4.4.8&#8243;][et_pb_text _builder_version=\u00bb4.4.8&#8243; custom_margin=\u00bb||||true|true\u00bb custom_padding=\u00bb25px|25px|25px|25px|true|true\u00bb box_shadow_style=\u00bbpreset2&#8243;] DOCUMENTOS PARA DESCARGAR Planilla de inscripci\u00f3n Declaraci\u00f3n jurada de informaci\u00f3n preocupacional [\/et_pb_text][et_pb_text _builder_version=\u00bb4.4.8&#8243; custom_padding=\u00bb25px|25px|25px|25px|true|true\u00bb box_shadow_style=\u00bbpreset1&#8243; locked=\u00bboff\u00bb] IMPORTANTE Todas las [&hellip;]","og_url":"https:\/\/ifdc.edu.ar\/home\/1o-2-profesorado-de-educacion-inicial-area-lengua-y-literatura-orientacion-lengua-dedic-semiexclusiva-interino-2\/","og_site_name":"IFDC Bariloche","article_published_time":"2022-07-04T16:24:32+00:00","article_modified_time":"2022-08-26T18:30:35+00:00","author":"admin admin","twitter_card":"summary_large_image","twitter_misc":{"Escrito por":"admin admin","Tiempo de lectura":"2 minutos"},"schema":{"@context":"https:\/\/schema.org","@graph":[{"@type":"Article","@id":"https:\/\/ifdc.edu.ar\/home\/1o-2-profesorado-de-educacion-inicial-area-lengua-y-literatura-orientacion-lengua-dedic-semiexclusiva-interino-2\/#article","isPartOf":{"@id":"https:\/\/ifdc.edu.ar\/home\/1o-2-profesorado-de-educacion-inicial-area-lengua-y-literatura-orientacion-lengua-dedic-semiexclusiva-interino-2\/"},"author":{"name":"admin admin","@id":"https:\/\/ifdc.edu.ar\/home\/#\/schema\/person\/d56dbc2f2489983c5270184312aab61b"},"headline":"1O.2- PROFESORADO DE EDUCACI\u00d3N INICIAL: \u00c1REA LENGUA Y LITERATURA, ORIENTACI\u00d3N LENGUA, DEDIC. SEMIEXCLUSIVA, INTERINO.","datePublished":"2022-07-04T16:24:32+00:00","dateModified":"2022-08-26T18:30:35+00:00","mainEntityOfPage":{"@id":"https:\/\/ifdc.edu.ar\/home\/1o-2-profesorado-de-educacion-inicial-area-lengua-y-literatura-orientacion-lengua-dedic-semiexclusiva-interino-2\/"},"wordCount":363,"commentCount":0,"inLanguage":"es","potentialAction":[{"@type":"CommentAction","name":"Comment","target":["https:\/\/ifdc.edu.ar\/home\/1o-2-profesorado-de-educacion-inicial-area-lengua-y-literatura-orientacion-lengua-dedic-semiexclusiva-interino-2\/#respond"]}]},{"@type":"WebPage","@id":"https:\/\/ifdc.edu.ar\/home\/1o-2-profesorado-de-educacion-inicial-area-lengua-y-literatura-orientacion-lengua-dedic-semiexclusiva-interino-2\/","url":"https:\/\/ifdc.edu.ar\/home\/1o-2-profesorado-de-educacion-inicial-area-lengua-y-literatura-orientacion-lengua-dedic-semiexclusiva-interino-2\/","name":"1O.2- PROFESORADO DE EDUCACI\u00d3N INICIAL: \u00c1REA LENGUA Y LITERATURA, ORIENTACI\u00d3N LENGUA, DEDIC. SEMIEXCLUSIVA, INTERINO. - IFDC Bariloche","isPartOf":{"@id":"https:\/\/ifdc.edu.ar\/home\/#website"},"datePublished":"2022-07-04T16:24:32+00:00","dateModified":"2022-08-26T18:30:35+00:00","author":{"@id":"https:\/\/ifdc.edu.ar\/home\/#\/schema\/person\/d56dbc2f2489983c5270184312aab61b"},"breadcrumb":{"@id":"https:\/\/ifdc.edu.ar\/home\/1o-2-profesorado-de-educacion-inicial-area-lengua-y-literatura-orientacion-lengua-dedic-semiexclusiva-interino-2\/#breadcrumb"},"inLanguage":"es","potentialAction":[{"@type":"ReadAction","target":["https:\/\/ifdc.edu.ar\/home\/1o-2-profesorado-de-educacion-inicial-area-lengua-y-literatura-orientacion-lengua-dedic-semiexclusiva-interino-2\/"]}]},{"@type":"BreadcrumbList","@id":"https:\/\/ifdc.edu.ar\/home\/1o-2-profesorado-de-educacion-inicial-area-lengua-y-literatura-orientacion-lengua-dedic-semiexclusiva-interino-2\/#breadcrumb","itemListElement":[{"@type":"ListItem","position":1,"name":"Portada","item":"https:\/\/ifdc.edu.ar\/home\/"},{"@type":"ListItem","position":2,"name":"1O.2- PROFESORADO DE EDUCACI\u00d3N INICIAL: \u00c1REA LENGUA Y LITERATURA, ORIENTACI\u00d3N LENGUA, DEDIC. SEMIEXCLUSIVA, INTERINO."}]},{"@type":"WebSite","@id":"https:\/\/ifdc.edu.ar\/home\/#website","url":"https:\/\/ifdc.edu.ar\/home\/","name":"IFDC Bariloche","description":"IFDC Bariloche","potentialAction":[{"@type":"SearchAction","target":{"@type":"EntryPoint","urlTemplate":"https:\/\/ifdc.edu.ar\/home\/?s={search_term_string}"},"query-input":{"@type":"PropertyValueSpecification","valueRequired":true,"valueName":"search_term_string"}}],"inLanguage":"es"},{"@type":"Person","@id":"https:\/\/ifdc.edu.ar\/home\/#\/schema\/person\/d56dbc2f2489983c5270184312aab61b","name":"admin admin","image":{"@type":"ImageObject","inLanguage":"es","@id":"https:\/\/ifdc.edu.ar\/home\/#\/schema\/person\/image\/","url":"https:\/\/secure.gravatar.com\/avatar\/573f53f78240008554940f49c3833d29ef6c20a351c603fc9fc8f328b60fa679?s=96&d=mm&r=g","contentUrl":"https:\/\/secure.gravatar.com\/avatar\/573f53f78240008554940f49c3833d29ef6c20a351c603fc9fc8f328b60fa679?s=96&d=mm&r=g","caption":"admin admin"},"sameAs":["http:\/\/ifdc.edu.ar"],"url":"https:\/\/ifdc.edu.ar\/home\/author\/admin\/"}]}},"_links":{"self":[{"href":"https:\/\/ifdc.edu.ar\/home\/wp-json\/wp\/v2\/posts\/7004","targetHints":{"allow":["GET"]}}],"collection":[{"href":"https:\/\/ifdc.edu.ar\/home\/wp-json\/wp\/v2\/posts"}],"about":[{"href":"https:\/\/ifdc.edu.ar\/home\/wp-json\/wp\/v2\/types\/post"}],"author":[{"embeddable":true,"href":"https:\/\/ifdc.edu.ar\/home\/wp-json\/wp\/v2\/users\/3"}],"replies":[{"embeddable":true,"href":"https:\/\/ifdc.edu.ar\/home\/wp-json\/wp\/v2\/comments?post=7004"}],"version-history":[{"count":5,"href":"https:\/\/ifdc.edu.ar\/home\/wp-json\/wp\/v2\/posts\/7004\/revisions"}],"predecessor-version":[{"id":7047,"href":"https:\/\/ifdc.edu.ar\/home\/wp-json\/wp\/v2\/posts\/7004\/revisions\/7047"}],"wp:attachment":[{"href":"https:\/\/ifdc.edu.ar\/home\/wp-json\/wp\/v2\/media?parent=7004"}],"wp:term":[{"taxonomy":"category","embeddable":true,"href":"https:\/\/ifdc.edu.ar\/home\/wp-json\/wp\/v2\/categories?post=7004"},{"taxonomy":"post_tag","embeddable":true,"href":"https:\/\/ifdc.edu.ar\/home\/wp-json\/wp\/v2\/tags?post=7004"}],"curies":[{"name":"wp","href":"https:\/\/api.w.org\/{rel}","templated":true}]}}