{"id":8026,"date":"2023-08-31T13:40:54","date_gmt":"2023-08-31T13:40:54","guid":{"rendered":"https:\/\/ifdc.edu.ar\/home\/?p=8026"},"modified":"2023-08-31T13:40:55","modified_gmt":"2023-08-31T13:40:55","slug":"los-dias-martes-19-9-a-las-10-am-y-viernes-22-9-a-las-14-hs-nos-visitan-las-integrantes-del-area-de-educacion-ambiental-de-parques-nacionales","status":"publish","type":"post","link":"https:\/\/ifdc.edu.ar\/home\/los-dias-martes-19-9-a-las-10-am-y-viernes-22-9-a-las-14-hs-nos-visitan-las-integrantes-del-area-de-educacion-ambiental-de-parques-nacionales\/","title":{"rendered":"Los d\u00edas martes 19\/9 a las 10 am y viernes 22\/9 a las 14 hs nos visitan las integrantes del \u00c1rea de Educaci\u00f3n Ambiental de Parques Nacionales"},"content":{"rendered":"\n<p>Los d\u00edas martes 19\/9 a las 10 am y viernes 22\/9 a las 14 hs nos visitan las integrantes del \u00c1rea de Educaci\u00f3n Ambiental de Parques Nacionales. En estas charlas, destinadas a estudiantes de todas las carreras del IFDC, abordaremos temas generales de la Educaci\u00f3n Ambiental Integral y tambi\u00e9n el rol de los parques nacionales en la conservaci\u00f3n del ambiente. Por supuesto, en clave did\u00e1ctica y pedag\u00f3gica!<\/p>\n","protected":false},"excerpt":{"rendered":"<p>Los d\u00edas martes 19\/9 a las 10 am y viernes 22\/9 a las 14 hs nos visitan las integrantes del \u00c1rea de Educaci\u00f3n Ambiental de Parques Nacionales. En estas charlas, [&hellip;]<\/p>\n","protected":false},"author":11,"featured_media":0,"comment_status":"open","ping_status":"open","sticky":false,"template":"","format":"standard","meta":{"_et_pb_use_builder":"","_et_pb_old_content":"","_et_gb_content_width":"","footnotes":""},"categories":[24],"tags":[],"class_list":["post-8026","post","type-post","status-publish","format-standard","hentry","category-educacion-ambiental-integral"],"yoast_head":"<!-- This site is optimized with the Yoast SEO plugin v26.9 - https:\/\/yoast.com\/product\/yoast-seo-wordpress\/ -->\n<title>Los d\u00edas martes 19\/9 a las 10 am y viernes 22\/9 a las 14 hs nos visitan las integrantes del \u00c1rea de Educaci\u00f3n Ambiental de Parques Nacionales - IFDC Bariloche<\/title>\n<meta name=\"robots\" content=\"index, follow, max-snippet:-1, max-image-preview:large, max-video-preview:-1\" \/>\n<link rel=\"canonical\" href=\"https:\/\/ifdc.edu.ar\/home\/los-dias-martes-19-9-a-las-10-am-y-viernes-22-9-a-las-14-hs-nos-visitan-las-integrantes-del-area-de-educacion-ambiental-de-parques-nacionales\/\" \/>\n<meta property=\"og:locale\" content=\"es_ES\" \/>\n<meta property=\"og:type\" content=\"article\" \/>\n<meta property=\"og:title\" content=\"Los d\u00edas martes 19\/9 a las 10 am y viernes 22\/9 a las 14 hs nos visitan las integrantes del \u00c1rea de Educaci\u00f3n Ambiental de Parques Nacionales - IFDC Bariloche\" \/>\n<meta property=\"og:description\" content=\"Los d\u00edas martes 19\/9 a las 10 am y viernes 22\/9 a las 14 hs nos visitan las integrantes del \u00c1rea de Educaci\u00f3n Ambiental de Parques Nacionales. En estas charlas, [&hellip;]\" \/>\n<meta property=\"og:url\" content=\"https:\/\/ifdc.edu.ar\/home\/los-dias-martes-19-9-a-las-10-am-y-viernes-22-9-a-las-14-hs-nos-visitan-las-integrantes-del-area-de-educacion-ambiental-de-parques-nacionales\/\" \/>\n<meta property=\"og:site_name\" content=\"IFDC Bariloche\" \/>\n<meta property=\"article:published_time\" content=\"2023-08-31T13:40:54+00:00\" \/>\n<meta property=\"article:modified_time\" content=\"2023-08-31T13:40:55+00:00\" \/>\n<meta name=\"author\" content=\"Educacion Ambiental Integral IFDC\" \/>\n<meta name=\"twitter:card\" content=\"summary_large_image\" \/>\n<meta name=\"twitter:label1\" content=\"Escrito por\" \/>\n\t<meta name=\"twitter:data1\" content=\"Educacion Ambiental Integral IFDC\" \/>\n<script type=\"application\/ld+json\" class=\"yoast-schema-graph\">{\"@context\":\"https:\/\/schema.org\",\"@graph\":[{\"@type\":\"Article\",\"@id\":\"https:\/\/ifdc.edu.ar\/home\/los-dias-martes-19-9-a-las-10-am-y-viernes-22-9-a-las-14-hs-nos-visitan-las-integrantes-del-area-de-educacion-ambiental-de-parques-nacionales\/#article\",\"isPartOf\":{\"@id\":\"https:\/\/ifdc.edu.ar\/home\/los-dias-martes-19-9-a-las-10-am-y-viernes-22-9-a-las-14-hs-nos-visitan-las-integrantes-del-area-de-educacion-ambiental-de-parques-nacionales\/\"},\"author\":{\"name\":\"Educacion Ambiental Integral IFDC\",\"@id\":\"https:\/\/ifdc.edu.ar\/home\/#\/schema\/person\/724508f1ae3becd820c5a703f6ef31d3\"},\"headline\":\"Los d\u00edas martes 19\/9 a las 10 am y viernes 22\/9 a las 14 hs nos visitan las integrantes del \u00c1rea de Educaci\u00f3n Ambiental de Parques Nacionales\",\"datePublished\":\"2023-08-31T13:40:54+00:00\",\"dateModified\":\"2023-08-31T13:40:55+00:00\",\"mainEntityOfPage\":{\"@id\":\"https:\/\/ifdc.edu.ar\/home\/los-dias-martes-19-9-a-las-10-am-y-viernes-22-9-a-las-14-hs-nos-visitan-las-integrantes-del-area-de-educacion-ambiental-de-parques-nacionales\/\"},\"wordCount\":95,\"commentCount\":0,\"articleSection\":[\"Educaci\u00f3n Ambiental Integral\"],\"inLanguage\":\"es\",\"potentialAction\":[{\"@type\":\"CommentAction\",\"name\":\"Comment\",\"target\":[\"https:\/\/ifdc.edu.ar\/home\/los-dias-martes-19-9-a-las-10-am-y-viernes-22-9-a-las-14-hs-nos-visitan-las-integrantes-del-area-de-educacion-ambiental-de-parques-nacionales\/#respond\"]}]},{\"@type\":\"WebPage\",\"@id\":\"https:\/\/ifdc.edu.ar\/home\/los-dias-martes-19-9-a-las-10-am-y-viernes-22-9-a-las-14-hs-nos-visitan-las-integrantes-del-area-de-educacion-ambiental-de-parques-nacionales\/\",\"url\":\"https:\/\/ifdc.edu.ar\/home\/los-dias-martes-19-9-a-las-10-am-y-viernes-22-9-a-las-14-hs-nos-visitan-las-integrantes-del-area-de-educacion-ambiental-de-parques-nacionales\/\",\"name\":\"Los d\u00edas martes 19\/9 a las 10 am y viernes 22\/9 a las 14 hs nos visitan las integrantes del \u00c1rea de Educaci\u00f3n Ambiental de Parques Nacionales - IFDC Bariloche\",\"isPartOf\":{\"@id\":\"https:\/\/ifdc.edu.ar\/home\/#website\"},\"datePublished\":\"2023-08-31T13:40:54+00:00\",\"dateModified\":\"2023-08-31T13:40:55+00:00\",\"author\":{\"@id\":\"https:\/\/ifdc.edu.ar\/home\/#\/schema\/person\/724508f1ae3becd820c5a703f6ef31d3\"},\"breadcrumb\":{\"@id\":\"https:\/\/ifdc.edu.ar\/home\/los-dias-martes-19-9-a-las-10-am-y-viernes-22-9-a-las-14-hs-nos-visitan-las-integrantes-del-area-de-educacion-ambiental-de-parques-nacionales\/#breadcrumb\"},\"inLanguage\":\"es\",\"potentialAction\":[{\"@type\":\"ReadAction\",\"target\":[\"https:\/\/ifdc.edu.ar\/home\/los-dias-martes-19-9-a-las-10-am-y-viernes-22-9-a-las-14-hs-nos-visitan-las-integrantes-del-area-de-educacion-ambiental-de-parques-nacionales\/\"]}]},{\"@type\":\"BreadcrumbList\",\"@id\":\"https:\/\/ifdc.edu.ar\/home\/los-dias-martes-19-9-a-las-10-am-y-viernes-22-9-a-las-14-hs-nos-visitan-las-integrantes-del-area-de-educacion-ambiental-de-parques-nacionales\/#breadcrumb\",\"itemListElement\":[{\"@type\":\"ListItem\",\"position\":1,\"name\":\"Portada\",\"item\":\"https:\/\/ifdc.edu.ar\/home\/\"},{\"@type\":\"ListItem\",\"position\":2,\"name\":\"Los d\u00edas martes 19\/9 a las 10 am y viernes 22\/9 a las 14 hs nos visitan las integrantes del \u00c1rea de Educaci\u00f3n Ambiental de Parques Nacionales\"}]},{\"@type\":\"WebSite\",\"@id\":\"https:\/\/ifdc.edu.ar\/home\/#website\",\"url\":\"https:\/\/ifdc.edu.ar\/home\/\",\"name\":\"IFDC Bariloche\",\"description\":\"IFDC Bariloche\",\"potentialAction\":[{\"@type\":\"SearchAction\",\"target\":{\"@type\":\"EntryPoint\",\"urlTemplate\":\"https:\/\/ifdc.edu.ar\/home\/?s={search_term_string}\"},\"query-input\":{\"@type\":\"PropertyValueSpecification\",\"valueRequired\":true,\"valueName\":\"search_term_string\"}}],\"inLanguage\":\"es\"},{\"@type\":\"Person\",\"@id\":\"https:\/\/ifdc.edu.ar\/home\/#\/schema\/person\/724508f1ae3becd820c5a703f6ef31d3\",\"name\":\"Educacion Ambiental Integral IFDC\",\"image\":{\"@type\":\"ImageObject\",\"inLanguage\":\"es\",\"@id\":\"https:\/\/ifdc.edu.ar\/home\/#\/schema\/person\/image\/\",\"url\":\"https:\/\/secure.gravatar.com\/avatar\/1f74413b8085d59ff2a4a4f233755350662c3e9a5191d2ea80390f2b2d1e79de?s=96&d=mm&r=g\",\"contentUrl\":\"https:\/\/secure.gravatar.com\/avatar\/1f74413b8085d59ff2a4a4f233755350662c3e9a5191d2ea80390f2b2d1e79de?s=96&d=mm&r=g\",\"caption\":\"Educacion Ambiental Integral IFDC\"},\"sameAs\":[\"https:\/\/ifdc.edu.ar\/home\/programa-de-educacion-ambiental-integral\/\"],\"url\":\"https:\/\/ifdc.edu.ar\/home\/author\/educacionambientalintegral\/\"}]}<\/script>\n<!-- \/ Yoast SEO plugin. -->","yoast_head_json":{"title":"Los d\u00edas martes 19\/9 a las 10 am y viernes 22\/9 a las 14 hs nos visitan las integrantes del \u00c1rea de Educaci\u00f3n Ambiental de Parques Nacionales - IFDC Bariloche","robots":{"index":"index","follow":"follow","max-snippet":"max-snippet:-1","max-image-preview":"max-image-preview:large","max-video-preview":"max-video-preview:-1"},"canonical":"https:\/\/ifdc.edu.ar\/home\/los-dias-martes-19-9-a-las-10-am-y-viernes-22-9-a-las-14-hs-nos-visitan-las-integrantes-del-area-de-educacion-ambiental-de-parques-nacionales\/","og_locale":"es_ES","og_type":"article","og_title":"Los d\u00edas martes 19\/9 a las 10 am y viernes 22\/9 a las 14 hs nos visitan las integrantes del \u00c1rea de Educaci\u00f3n Ambiental de Parques Nacionales - IFDC Bariloche","og_description":"Los d\u00edas martes 19\/9 a las 10 am y viernes 22\/9 a las 14 hs nos visitan las integrantes del \u00c1rea de Educaci\u00f3n Ambiental de Parques Nacionales. En estas charlas, [&hellip;]","og_url":"https:\/\/ifdc.edu.ar\/home\/los-dias-martes-19-9-a-las-10-am-y-viernes-22-9-a-las-14-hs-nos-visitan-las-integrantes-del-area-de-educacion-ambiental-de-parques-nacionales\/","og_site_name":"IFDC Bariloche","article_published_time":"2023-08-31T13:40:54+00:00","article_modified_time":"2023-08-31T13:40:55+00:00","author":"Educacion Ambiental Integral IFDC","twitter_card":"summary_large_image","twitter_misc":{"Escrito por":"Educacion Ambiental Integral IFDC"},"schema":{"@context":"https:\/\/schema.org","@graph":[{"@type":"Article","@id":"https:\/\/ifdc.edu.ar\/home\/los-dias-martes-19-9-a-las-10-am-y-viernes-22-9-a-las-14-hs-nos-visitan-las-integrantes-del-area-de-educacion-ambiental-de-parques-nacionales\/#article","isPartOf":{"@id":"https:\/\/ifdc.edu.ar\/home\/los-dias-martes-19-9-a-las-10-am-y-viernes-22-9-a-las-14-hs-nos-visitan-las-integrantes-del-area-de-educacion-ambiental-de-parques-nacionales\/"},"author":{"name":"Educacion Ambiental Integral IFDC","@id":"https:\/\/ifdc.edu.ar\/home\/#\/schema\/person\/724508f1ae3becd820c5a703f6ef31d3"},"headline":"Los d\u00edas martes 19\/9 a las 10 am y viernes 22\/9 a las 14 hs nos visitan las integrantes del \u00c1rea de Educaci\u00f3n Ambiental de Parques Nacionales","datePublished":"2023-08-31T13:40:54+00:00","dateModified":"2023-08-31T13:40:55+00:00","mainEntityOfPage":{"@id":"https:\/\/ifdc.edu.ar\/home\/los-dias-martes-19-9-a-las-10-am-y-viernes-22-9-a-las-14-hs-nos-visitan-las-integrantes-del-area-de-educacion-ambiental-de-parques-nacionales\/"},"wordCount":95,"commentCount":0,"articleSection":["Educaci\u00f3n Ambiental Integral"],"inLanguage":"es","potentialAction":[{"@type":"CommentAction","name":"Comment","target":["https:\/\/ifdc.edu.ar\/home\/los-dias-martes-19-9-a-las-10-am-y-viernes-22-9-a-las-14-hs-nos-visitan-las-integrantes-del-area-de-educacion-ambiental-de-parques-nacionales\/#respond"]}]},{"@type":"WebPage","@id":"https:\/\/ifdc.edu.ar\/home\/los-dias-martes-19-9-a-las-10-am-y-viernes-22-9-a-las-14-hs-nos-visitan-las-integrantes-del-area-de-educacion-ambiental-de-parques-nacionales\/","url":"https:\/\/ifdc.edu.ar\/home\/los-dias-martes-19-9-a-las-10-am-y-viernes-22-9-a-las-14-hs-nos-visitan-las-integrantes-del-area-de-educacion-ambiental-de-parques-nacionales\/","name":"Los d\u00edas martes 19\/9 a las 10 am y viernes 22\/9 a las 14 hs nos visitan las integrantes del \u00c1rea de Educaci\u00f3n Ambiental de Parques Nacionales - IFDC Bariloche","isPartOf":{"@id":"https:\/\/ifdc.edu.ar\/home\/#website"},"datePublished":"2023-08-31T13:40:54+00:00","dateModified":"2023-08-31T13:40:55+00:00","author":{"@id":"https:\/\/ifdc.edu.ar\/home\/#\/schema\/person\/724508f1ae3becd820c5a703f6ef31d3"},"breadcrumb":{"@id":"https:\/\/ifdc.edu.ar\/home\/los-dias-martes-19-9-a-las-10-am-y-viernes-22-9-a-las-14-hs-nos-visitan-las-integrantes-del-area-de-educacion-ambiental-de-parques-nacionales\/#breadcrumb"},"inLanguage":"es","potentialAction":[{"@type":"ReadAction","target":["https:\/\/ifdc.edu.ar\/home\/los-dias-martes-19-9-a-las-10-am-y-viernes-22-9-a-las-14-hs-nos-visitan-las-integrantes-del-area-de-educacion-ambiental-de-parques-nacionales\/"]}]},{"@type":"BreadcrumbList","@id":"https:\/\/ifdc.edu.ar\/home\/los-dias-martes-19-9-a-las-10-am-y-viernes-22-9-a-las-14-hs-nos-visitan-las-integrantes-del-area-de-educacion-ambiental-de-parques-nacionales\/#breadcrumb","itemListElement":[{"@type":"ListItem","position":1,"name":"Portada","item":"https:\/\/ifdc.edu.ar\/home\/"},{"@type":"ListItem","position":2,"name":"Los d\u00edas martes 19\/9 a las 10 am y viernes 22\/9 a las 14 hs nos visitan las integrantes del \u00c1rea de Educaci\u00f3n Ambiental de Parques Nacionales"}]},{"@type":"WebSite","@id":"https:\/\/ifdc.edu.ar\/home\/#website","url":"https:\/\/ifdc.edu.ar\/home\/","name":"IFDC Bariloche","description":"IFDC Bariloche","potentialAction":[{"@type":"SearchAction","target":{"@type":"EntryPoint","urlTemplate":"https:\/\/ifdc.edu.ar\/home\/?s={search_term_string}"},"query-input":{"@type":"PropertyValueSpecification","valueRequired":true,"valueName":"search_term_string"}}],"inLanguage":"es"},{"@type":"Person","@id":"https:\/\/ifdc.edu.ar\/home\/#\/schema\/person\/724508f1ae3becd820c5a703f6ef31d3","name":"Educacion Ambiental Integral IFDC","image":{"@type":"ImageObject","inLanguage":"es","@id":"https:\/\/ifdc.edu.ar\/home\/#\/schema\/person\/image\/","url":"https:\/\/secure.gravatar.com\/avatar\/1f74413b8085d59ff2a4a4f233755350662c3e9a5191d2ea80390f2b2d1e79de?s=96&d=mm&r=g","contentUrl":"https:\/\/secure.gravatar.com\/avatar\/1f74413b8085d59ff2a4a4f233755350662c3e9a5191d2ea80390f2b2d1e79de?s=96&d=mm&r=g","caption":"Educacion Ambiental Integral IFDC"},"sameAs":["https:\/\/ifdc.edu.ar\/home\/programa-de-educacion-ambiental-integral\/"],"url":"https:\/\/ifdc.edu.ar\/home\/author\/educacionambientalintegral\/"}]}},"_links":{"self":[{"href":"https:\/\/ifdc.edu.ar\/home\/wp-json\/wp\/v2\/posts\/8026","targetHints":{"allow":["GET"]}}],"collection":[{"href":"https:\/\/ifdc.edu.ar\/home\/wp-json\/wp\/v2\/posts"}],"about":[{"href":"https:\/\/ifdc.edu.ar\/home\/wp-json\/wp\/v2\/types\/post"}],"author":[{"embeddable":true,"href":"https:\/\/ifdc.edu.ar\/home\/wp-json\/wp\/v2\/users\/11"}],"replies":[{"embeddable":true,"href":"https:\/\/ifdc.edu.ar\/home\/wp-json\/wp\/v2\/comments?post=8026"}],"version-history":[{"count":1,"href":"https:\/\/ifdc.edu.ar\/home\/wp-json\/wp\/v2\/posts\/8026\/revisions"}],"predecessor-version":[{"id":8027,"href":"https:\/\/ifdc.edu.ar\/home\/wp-json\/wp\/v2\/posts\/8026\/revisions\/8027"}],"wp:attachment":[{"href":"https:\/\/ifdc.edu.ar\/home\/wp-json\/wp\/v2\/media?parent=8026"}],"wp:term":[{"taxonomy":"category","embeddable":true,"href":"https:\/\/ifdc.edu.ar\/home\/wp-json\/wp\/v2\/categories?post=8026"},{"taxonomy":"post_tag","embeddable":true,"href":"https:\/\/ifdc.edu.ar\/home\/wp-json\/wp\/v2\/tags?post=8026"}],"curies":[{"name":"wp","href":"https:\/\/api.w.org\/{rel}","templated":true}]}}