{"id":8064,"date":"2023-09-13T00:07:40","date_gmt":"2023-09-13T00:07:40","guid":{"rendered":"https:\/\/ifdc.edu.ar\/home\/?p=8064"},"modified":"2023-10-17T14:28:30","modified_gmt":"2023-10-17T14:28:30","slug":"37-23-profesorado-de-educacion-especial-c-orientacion-en-discapacidad-intelectual-problematicas-de-la-evaluacion-educativa-dedicacion-simple-suplente","status":"publish","type":"post","link":"https:\/\/ifdc.edu.ar\/home\/37-23-profesorado-de-educacion-especial-c-orientacion-en-discapacidad-intelectual-problematicas-de-la-evaluacion-educativa-dedicacion-simple-suplente\/","title":{"rendered":"37-23 PROFESORADO DE EDUCACI\u00d3N ESPECIAL C\/ ORIENTACION EN DISCAPACIDAD INTELECTUAL: PROBLEM\u00c1TICAS DE LA EVALUACI\u00d3N EDUCATIVA DEDICACI\u00d3N SIMPLE. SUPLENTE"},"content":{"rendered":"<p>[et_pb_section admin_label=\u00bbsection\u00bb]<br \/>\n[et_pb_row admin_label=\u00bbrow\u00bb]<br \/>\n[et_pb_column type=\u00bb4_4&#8243;][\/et_pb_column]<br \/>\n[\/et_pb_row]<br \/>\n[\/et_pb_section]<\/p>\n","protected":false},"excerpt":{"rendered":"<p>[et_pb_section admin_label=\u00bbsection\u00bb] [et_pb_row admin_label=\u00bbrow\u00bb] [et_pb_column type=\u00bb4_4&#8243;][\/et_pb_column] [\/et_pb_row] [\/et_pb_section]<\/p>\n","protected":false},"author":4,"featured_media":0,"comment_status":"open","ping_status":"open","sticky":false,"template":"","format":"standard","meta":{"_et_pb_use_builder":"on","_et_pb_old_content":"","_et_gb_content_width":"","footnotes":""},"categories":[1],"tags":[],"class_list":["post-8064","post","type-post","status-publish","format-standard","hentry","category-sin-categoria"],"yoast_head":"<!-- This site is optimized with the Yoast SEO plugin v26.9 - https:\/\/yoast.com\/product\/yoast-seo-wordpress\/ -->\n<title>37-23 PROFESORADO DE EDUCACI\u00d3N ESPECIAL C\/ ORIENTACION EN DISCAPACIDAD INTELECTUAL: PROBLEM\u00c1TICAS DE LA EVALUACI\u00d3N EDUCATIVA DEDICACI\u00d3N SIMPLE. SUPLENTE - IFDC Bariloche<\/title>\n<meta name=\"robots\" content=\"index, follow, max-snippet:-1, max-image-preview:large, max-video-preview:-1\" \/>\n<link rel=\"canonical\" href=\"https:\/\/ifdc.edu.ar\/home\/37-23-profesorado-de-educacion-especial-c-orientacion-en-discapacidad-intelectual-problematicas-de-la-evaluacion-educativa-dedicacion-simple-suplente\/\" \/>\n<meta property=\"og:locale\" content=\"es_ES\" \/>\n<meta property=\"og:type\" content=\"article\" \/>\n<meta property=\"og:title\" content=\"37-23 PROFESORADO DE EDUCACI\u00d3N ESPECIAL C\/ ORIENTACION EN DISCAPACIDAD INTELECTUAL: PROBLEM\u00c1TICAS DE LA EVALUACI\u00d3N EDUCATIVA DEDICACI\u00d3N SIMPLE. SUPLENTE - IFDC Bariloche\" \/>\n<meta property=\"og:description\" content=\"[et_pb_section admin_label=\u00bbsection\u00bb] [et_pb_row admin_label=\u00bbrow\u00bb] [et_pb_column type=\u00bb4_4&#8243;][\/et_pb_column] [\/et_pb_row] [\/et_pb_section]\" \/>\n<meta property=\"og:url\" content=\"https:\/\/ifdc.edu.ar\/home\/37-23-profesorado-de-educacion-especial-c-orientacion-en-discapacidad-intelectual-problematicas-de-la-evaluacion-educativa-dedicacion-simple-suplente\/\" \/>\n<meta property=\"og:site_name\" content=\"IFDC Bariloche\" \/>\n<meta property=\"article:published_time\" content=\"2023-09-13T00:07:40+00:00\" \/>\n<meta property=\"article:modified_time\" content=\"2023-10-17T14:28:30+00:00\" \/>\n<meta name=\"author\" content=\"Secretar\u00eda General\" \/>\n<meta name=\"twitter:card\" content=\"summary_large_image\" \/>\n<meta name=\"twitter:label1\" content=\"Escrito por\" \/>\n\t<meta name=\"twitter:data1\" content=\"Secretar\u00eda General\" \/>\n<script type=\"application\/ld+json\" class=\"yoast-schema-graph\">{\"@context\":\"https:\/\/schema.org\",\"@graph\":[{\"@type\":\"Article\",\"@id\":\"https:\/\/ifdc.edu.ar\/home\/37-23-profesorado-de-educacion-especial-c-orientacion-en-discapacidad-intelectual-problematicas-de-la-evaluacion-educativa-dedicacion-simple-suplente\/#article\",\"isPartOf\":{\"@id\":\"https:\/\/ifdc.edu.ar\/home\/37-23-profesorado-de-educacion-especial-c-orientacion-en-discapacidad-intelectual-problematicas-de-la-evaluacion-educativa-dedicacion-simple-suplente\/\"},\"author\":{\"name\":\"Secretar\u00eda General\",\"@id\":\"https:\/\/ifdc.edu.ar\/home\/#\/schema\/person\/97b8e6299f702d45ae8ff5abd5d8574a\"},\"headline\":\"37-23 PROFESORADO DE EDUCACI\u00d3N ESPECIAL C\/ ORIENTACION EN DISCAPACIDAD INTELECTUAL: PROBLEM\u00c1TICAS DE LA EVALUACI\u00d3N EDUCATIVA DEDICACI\u00d3N SIMPLE. SUPLENTE\",\"datePublished\":\"2023-09-13T00:07:40+00:00\",\"dateModified\":\"2023-10-17T14:28:30+00:00\",\"mainEntityOfPage\":{\"@id\":\"https:\/\/ifdc.edu.ar\/home\/37-23-profesorado-de-educacion-especial-c-orientacion-en-discapacidad-intelectual-problematicas-de-la-evaluacion-educativa-dedicacion-simple-suplente\/\"},\"wordCount\":47,\"commentCount\":0,\"inLanguage\":\"es\",\"potentialAction\":[{\"@type\":\"CommentAction\",\"name\":\"Comment\",\"target\":[\"https:\/\/ifdc.edu.ar\/home\/37-23-profesorado-de-educacion-especial-c-orientacion-en-discapacidad-intelectual-problematicas-de-la-evaluacion-educativa-dedicacion-simple-suplente\/#respond\"]}]},{\"@type\":\"WebPage\",\"@id\":\"https:\/\/ifdc.edu.ar\/home\/37-23-profesorado-de-educacion-especial-c-orientacion-en-discapacidad-intelectual-problematicas-de-la-evaluacion-educativa-dedicacion-simple-suplente\/\",\"url\":\"https:\/\/ifdc.edu.ar\/home\/37-23-profesorado-de-educacion-especial-c-orientacion-en-discapacidad-intelectual-problematicas-de-la-evaluacion-educativa-dedicacion-simple-suplente\/\",\"name\":\"37-23 PROFESORADO DE EDUCACI\u00d3N ESPECIAL C\/ ORIENTACION EN DISCAPACIDAD INTELECTUAL: PROBLEM\u00c1TICAS DE LA EVALUACI\u00d3N EDUCATIVA DEDICACI\u00d3N SIMPLE. SUPLENTE - IFDC Bariloche\",\"isPartOf\":{\"@id\":\"https:\/\/ifdc.edu.ar\/home\/#website\"},\"datePublished\":\"2023-09-13T00:07:40+00:00\",\"dateModified\":\"2023-10-17T14:28:30+00:00\",\"author\":{\"@id\":\"https:\/\/ifdc.edu.ar\/home\/#\/schema\/person\/97b8e6299f702d45ae8ff5abd5d8574a\"},\"breadcrumb\":{\"@id\":\"https:\/\/ifdc.edu.ar\/home\/37-23-profesorado-de-educacion-especial-c-orientacion-en-discapacidad-intelectual-problematicas-de-la-evaluacion-educativa-dedicacion-simple-suplente\/#breadcrumb\"},\"inLanguage\":\"es\",\"potentialAction\":[{\"@type\":\"ReadAction\",\"target\":[\"https:\/\/ifdc.edu.ar\/home\/37-23-profesorado-de-educacion-especial-c-orientacion-en-discapacidad-intelectual-problematicas-de-la-evaluacion-educativa-dedicacion-simple-suplente\/\"]}]},{\"@type\":\"BreadcrumbList\",\"@id\":\"https:\/\/ifdc.edu.ar\/home\/37-23-profesorado-de-educacion-especial-c-orientacion-en-discapacidad-intelectual-problematicas-de-la-evaluacion-educativa-dedicacion-simple-suplente\/#breadcrumb\",\"itemListElement\":[{\"@type\":\"ListItem\",\"position\":1,\"name\":\"Portada\",\"item\":\"https:\/\/ifdc.edu.ar\/home\/\"},{\"@type\":\"ListItem\",\"position\":2,\"name\":\"37-23 PROFESORADO DE EDUCACI\u00d3N ESPECIAL C\/ ORIENTACION EN DISCAPACIDAD INTELECTUAL: PROBLEM\u00c1TICAS DE LA EVALUACI\u00d3N EDUCATIVA DEDICACI\u00d3N SIMPLE. SUPLENTE\"}]},{\"@type\":\"WebSite\",\"@id\":\"https:\/\/ifdc.edu.ar\/home\/#website\",\"url\":\"https:\/\/ifdc.edu.ar\/home\/\",\"name\":\"IFDC Bariloche\",\"description\":\"IFDC Bariloche\",\"potentialAction\":[{\"@type\":\"SearchAction\",\"target\":{\"@type\":\"EntryPoint\",\"urlTemplate\":\"https:\/\/ifdc.edu.ar\/home\/?s={search_term_string}\"},\"query-input\":{\"@type\":\"PropertyValueSpecification\",\"valueRequired\":true,\"valueName\":\"search_term_string\"}}],\"inLanguage\":\"es\"},{\"@type\":\"Person\",\"@id\":\"https:\/\/ifdc.edu.ar\/home\/#\/schema\/person\/97b8e6299f702d45ae8ff5abd5d8574a\",\"name\":\"Secretar\u00eda General\",\"image\":{\"@type\":\"ImageObject\",\"inLanguage\":\"es\",\"@id\":\"https:\/\/ifdc.edu.ar\/home\/#\/schema\/person\/image\/\",\"url\":\"https:\/\/secure.gravatar.com\/avatar\/da02723ad923a244687347bb837b2955ea737963e6481c36d8d556f717cd63e8?s=96&d=mm&r=g\",\"contentUrl\":\"https:\/\/secure.gravatar.com\/avatar\/da02723ad923a244687347bb837b2955ea737963e6481c36d8d556f717cd63e8?s=96&d=mm&r=g\",\"caption\":\"Secretar\u00eda General\"},\"url\":\"https:\/\/ifdc.edu.ar\/home\/author\/secregeneral\/\"}]}<\/script>\n<!-- \/ Yoast SEO plugin. -->","yoast_head_json":{"title":"37-23 PROFESORADO DE EDUCACI\u00d3N ESPECIAL C\/ ORIENTACION EN DISCAPACIDAD INTELECTUAL: PROBLEM\u00c1TICAS DE LA EVALUACI\u00d3N EDUCATIVA DEDICACI\u00d3N SIMPLE. SUPLENTE - IFDC Bariloche","robots":{"index":"index","follow":"follow","max-snippet":"max-snippet:-1","max-image-preview":"max-image-preview:large","max-video-preview":"max-video-preview:-1"},"canonical":"https:\/\/ifdc.edu.ar\/home\/37-23-profesorado-de-educacion-especial-c-orientacion-en-discapacidad-intelectual-problematicas-de-la-evaluacion-educativa-dedicacion-simple-suplente\/","og_locale":"es_ES","og_type":"article","og_title":"37-23 PROFESORADO DE EDUCACI\u00d3N ESPECIAL C\/ ORIENTACION EN DISCAPACIDAD INTELECTUAL: PROBLEM\u00c1TICAS DE LA EVALUACI\u00d3N EDUCATIVA DEDICACI\u00d3N SIMPLE. SUPLENTE - IFDC Bariloche","og_description":"[et_pb_section admin_label=\u00bbsection\u00bb] [et_pb_row admin_label=\u00bbrow\u00bb] [et_pb_column type=\u00bb4_4&#8243;][\/et_pb_column] [\/et_pb_row] [\/et_pb_section]","og_url":"https:\/\/ifdc.edu.ar\/home\/37-23-profesorado-de-educacion-especial-c-orientacion-en-discapacidad-intelectual-problematicas-de-la-evaluacion-educativa-dedicacion-simple-suplente\/","og_site_name":"IFDC Bariloche","article_published_time":"2023-09-13T00:07:40+00:00","article_modified_time":"2023-10-17T14:28:30+00:00","author":"Secretar\u00eda General","twitter_card":"summary_large_image","twitter_misc":{"Escrito por":"Secretar\u00eda General"},"schema":{"@context":"https:\/\/schema.org","@graph":[{"@type":"Article","@id":"https:\/\/ifdc.edu.ar\/home\/37-23-profesorado-de-educacion-especial-c-orientacion-en-discapacidad-intelectual-problematicas-de-la-evaluacion-educativa-dedicacion-simple-suplente\/#article","isPartOf":{"@id":"https:\/\/ifdc.edu.ar\/home\/37-23-profesorado-de-educacion-especial-c-orientacion-en-discapacidad-intelectual-problematicas-de-la-evaluacion-educativa-dedicacion-simple-suplente\/"},"author":{"name":"Secretar\u00eda General","@id":"https:\/\/ifdc.edu.ar\/home\/#\/schema\/person\/97b8e6299f702d45ae8ff5abd5d8574a"},"headline":"37-23 PROFESORADO DE EDUCACI\u00d3N ESPECIAL C\/ ORIENTACION EN DISCAPACIDAD INTELECTUAL: PROBLEM\u00c1TICAS DE LA EVALUACI\u00d3N EDUCATIVA DEDICACI\u00d3N SIMPLE. SUPLENTE","datePublished":"2023-09-13T00:07:40+00:00","dateModified":"2023-10-17T14:28:30+00:00","mainEntityOfPage":{"@id":"https:\/\/ifdc.edu.ar\/home\/37-23-profesorado-de-educacion-especial-c-orientacion-en-discapacidad-intelectual-problematicas-de-la-evaluacion-educativa-dedicacion-simple-suplente\/"},"wordCount":47,"commentCount":0,"inLanguage":"es","potentialAction":[{"@type":"CommentAction","name":"Comment","target":["https:\/\/ifdc.edu.ar\/home\/37-23-profesorado-de-educacion-especial-c-orientacion-en-discapacidad-intelectual-problematicas-de-la-evaluacion-educativa-dedicacion-simple-suplente\/#respond"]}]},{"@type":"WebPage","@id":"https:\/\/ifdc.edu.ar\/home\/37-23-profesorado-de-educacion-especial-c-orientacion-en-discapacidad-intelectual-problematicas-de-la-evaluacion-educativa-dedicacion-simple-suplente\/","url":"https:\/\/ifdc.edu.ar\/home\/37-23-profesorado-de-educacion-especial-c-orientacion-en-discapacidad-intelectual-problematicas-de-la-evaluacion-educativa-dedicacion-simple-suplente\/","name":"37-23 PROFESORADO DE EDUCACI\u00d3N ESPECIAL C\/ ORIENTACION EN DISCAPACIDAD INTELECTUAL: PROBLEM\u00c1TICAS DE LA EVALUACI\u00d3N EDUCATIVA DEDICACI\u00d3N SIMPLE. SUPLENTE - IFDC Bariloche","isPartOf":{"@id":"https:\/\/ifdc.edu.ar\/home\/#website"},"datePublished":"2023-09-13T00:07:40+00:00","dateModified":"2023-10-17T14:28:30+00:00","author":{"@id":"https:\/\/ifdc.edu.ar\/home\/#\/schema\/person\/97b8e6299f702d45ae8ff5abd5d8574a"},"breadcrumb":{"@id":"https:\/\/ifdc.edu.ar\/home\/37-23-profesorado-de-educacion-especial-c-orientacion-en-discapacidad-intelectual-problematicas-de-la-evaluacion-educativa-dedicacion-simple-suplente\/#breadcrumb"},"inLanguage":"es","potentialAction":[{"@type":"ReadAction","target":["https:\/\/ifdc.edu.ar\/home\/37-23-profesorado-de-educacion-especial-c-orientacion-en-discapacidad-intelectual-problematicas-de-la-evaluacion-educativa-dedicacion-simple-suplente\/"]}]},{"@type":"BreadcrumbList","@id":"https:\/\/ifdc.edu.ar\/home\/37-23-profesorado-de-educacion-especial-c-orientacion-en-discapacidad-intelectual-problematicas-de-la-evaluacion-educativa-dedicacion-simple-suplente\/#breadcrumb","itemListElement":[{"@type":"ListItem","position":1,"name":"Portada","item":"https:\/\/ifdc.edu.ar\/home\/"},{"@type":"ListItem","position":2,"name":"37-23 PROFESORADO DE EDUCACI\u00d3N ESPECIAL C\/ ORIENTACION EN DISCAPACIDAD INTELECTUAL: PROBLEM\u00c1TICAS DE LA EVALUACI\u00d3N EDUCATIVA DEDICACI\u00d3N SIMPLE. SUPLENTE"}]},{"@type":"WebSite","@id":"https:\/\/ifdc.edu.ar\/home\/#website","url":"https:\/\/ifdc.edu.ar\/home\/","name":"IFDC Bariloche","description":"IFDC Bariloche","potentialAction":[{"@type":"SearchAction","target":{"@type":"EntryPoint","urlTemplate":"https:\/\/ifdc.edu.ar\/home\/?s={search_term_string}"},"query-input":{"@type":"PropertyValueSpecification","valueRequired":true,"valueName":"search_term_string"}}],"inLanguage":"es"},{"@type":"Person","@id":"https:\/\/ifdc.edu.ar\/home\/#\/schema\/person\/97b8e6299f702d45ae8ff5abd5d8574a","name":"Secretar\u00eda General","image":{"@type":"ImageObject","inLanguage":"es","@id":"https:\/\/ifdc.edu.ar\/home\/#\/schema\/person\/image\/","url":"https:\/\/secure.gravatar.com\/avatar\/da02723ad923a244687347bb837b2955ea737963e6481c36d8d556f717cd63e8?s=96&d=mm&r=g","contentUrl":"https:\/\/secure.gravatar.com\/avatar\/da02723ad923a244687347bb837b2955ea737963e6481c36d8d556f717cd63e8?s=96&d=mm&r=g","caption":"Secretar\u00eda General"},"url":"https:\/\/ifdc.edu.ar\/home\/author\/secregeneral\/"}]}},"_links":{"self":[{"href":"https:\/\/ifdc.edu.ar\/home\/wp-json\/wp\/v2\/posts\/8064","targetHints":{"allow":["GET"]}}],"collection":[{"href":"https:\/\/ifdc.edu.ar\/home\/wp-json\/wp\/v2\/posts"}],"about":[{"href":"https:\/\/ifdc.edu.ar\/home\/wp-json\/wp\/v2\/types\/post"}],"author":[{"embeddable":true,"href":"https:\/\/ifdc.edu.ar\/home\/wp-json\/wp\/v2\/users\/4"}],"replies":[{"embeddable":true,"href":"https:\/\/ifdc.edu.ar\/home\/wp-json\/wp\/v2\/comments?post=8064"}],"version-history":[{"count":3,"href":"https:\/\/ifdc.edu.ar\/home\/wp-json\/wp\/v2\/posts\/8064\/revisions"}],"predecessor-version":[{"id":8080,"href":"https:\/\/ifdc.edu.ar\/home\/wp-json\/wp\/v2\/posts\/8064\/revisions\/8080"}],"wp:attachment":[{"href":"https:\/\/ifdc.edu.ar\/home\/wp-json\/wp\/v2\/media?parent=8064"}],"wp:term":[{"taxonomy":"category","embeddable":true,"href":"https:\/\/ifdc.edu.ar\/home\/wp-json\/wp\/v2\/categories?post=8064"},{"taxonomy":"post_tag","embeddable":true,"href":"https:\/\/ifdc.edu.ar\/home\/wp-json\/wp\/v2\/tags?post=8064"}],"curies":[{"name":"wp","href":"https:\/\/api.w.org\/{rel}","templated":true}]}}