{"id":8160,"date":"2023-10-23T18:04:32","date_gmt":"2023-10-23T18:04:32","guid":{"rendered":"https:\/\/ifdc.edu.ar\/home\/?p=8160"},"modified":"2023-10-23T18:16:21","modified_gmt":"2023-10-23T18:16:21","slug":"actividades-recientes-del-programa-de-educacion-ambiental-integral-del-ifdc","status":"publish","type":"post","link":"https:\/\/ifdc.edu.ar\/home\/actividades-recientes-del-programa-de-educacion-ambiental-integral-del-ifdc\/","title":{"rendered":"Actividades recientes del Programa de Educaci\u00f3n Ambiental Integral del IFDC"},"content":{"rendered":"<p>[et_pb_section fb_built=\u00bb1&#8243; _builder_version=\u00bb4.4.8&#8243;][et_pb_row _builder_version=\u00bb4.4.8&#8243; column_structure=\u00bb1_2,1_2&#8243;][et_pb_column _builder_version=\u00bb4.4.8&#8243; type=\u00bb1_2&#8243;][et_pb_text _builder_version=\u00bb4.4.8&#8243; hover_enabled=\u00bb0&#8243;]<\/p>\n<p><strong><span>Martes 19 y viernes 22 de septiembre<\/span><\/strong><\/p>\n<p><span>Nos visitaron las integrantes del \u00c1rea de Educaci\u00f3n Ambiental de Parques Nacionales; Valeria Koss, Bea D\u00e1vila y Adriana Sabrido. En ambas jornadas ofrecieron charlas taller para estudiantes de los profesorados de Educaci\u00f3n Primaria e Inicial. <\/span><\/p>\n<p><span>Nos contaron las actividades de educaci\u00f3n ambiental que realizan en el contexto de la nueva Ley de EAI (Ley N\u00b0 27621). Con material muy atractivo describieron los principales ecosistemas que protege el Parque Nacional Nahuel Huapi como, as\u00ed tambi\u00e9n, las principales especies animales y vegetales que los habitan. <\/span><\/p>\n<p><span>Luego de una amena y din\u00e1mica charla nos dejaron material para uso de las futuras docentes. Muchas gracias Vale, Adriana y Bea!! <\/span><\/p>\n<p>[\/et_pb_text][\/et_pb_column][et_pb_column _builder_version=\u00bb4.4.8&#8243; type=\u00bb1_2&#8243;][et_pb_image src=\u00bbhttps:\/\/ifdc.edu.ar\/home\/wp-content\/uploads\/2023\/10\/1.jpg\u00bb _builder_version=\u00bb4.4.8&#8243; title_text=\u00bb1&#8243; hover_enabled=\u00bb0&#8243;][\/et_pb_image][\/et_pb_column][\/et_pb_row][et_pb_row _builder_version=\u00bb4.4.8&#8243;][et_pb_column _builder_version=\u00bb4.4.8&#8243; type=\u00bb4_4&#8243;][et_pb_image src=\u00bbhttps:\/\/ifdc.edu.ar\/home\/wp-content\/uploads\/2023\/10\/2.jpg\u00bb _builder_version=\u00bb4.4.8&#8243; title_text=\u00bb2&#8243; hover_enabled=\u00bb0&#8243; align=\u00bbcenter\u00bb][\/et_pb_image][\/et_pb_column][\/et_pb_row][\/et_pb_section][et_pb_section fb_built=\u00bb1&#8243; _builder_version=\u00bb4.4.8&#8243;][et_pb_row _builder_version=\u00bb4.4.8&#8243; column_structure=\u00bb1_2,1_2&#8243; hover_enabled=\u00bb0&#8243;][et_pb_column _builder_version=\u00bb4.4.8&#8243; type=\u00bb1_2&#8243;][et_pb_image src=\u00bbhttps:\/\/ifdc.edu.ar\/home\/wp-content\/uploads\/2023\/10\/3.jpg\u00bb _builder_version=\u00bb4.4.8&#8243; title_text=\u00bb3&#8243; hover_enabled=\u00bb0&#8243; locked=\u00bboff\u00bb][\/et_pb_image][\/et_pb_column][et_pb_column _builder_version=\u00bb4.4.8&#8243; type=\u00bb1_2&#8243;][et_pb_text _builder_version=\u00bb4.4.8&#8243; hover_enabled=\u00bb0&#8243;]<\/p>\n<p><strong><span>Viernes 6 de octubre<\/span><\/strong><\/p>\n<p><span>Participamos junto al Club de Naturalistas del IFDC, en la \u201cApertura de Temporada de Observaci\u00f3n de Aves\u201d en la estancia Fort\u00edn Chacabuco. <\/span><\/p>\n<p><span>Pudimos disfrutar, con estudiantes del Profesorado de Educaci\u00f3n Inicial, de una jornada maravillosa junto a verdaderos especialistas de las aves como Lorenzo Simpson, Guillermo Amico y Silvana Alzogaray.<\/span><\/p>\n<p><span>Hacia all\u00e1 nos dirigimos en veh\u00edculos propios y el transporte que cedi\u00f3 Parques Nacionales. Una vez en el lugar, y luego de una ronda de presentaci\u00f3n, emprendimos la primera caminata conducida por Silvana a quien agradecemos su dedicaci\u00f3n, paciencia con quienes no somos expertos en la materia y su eterno compromiso con la educaci\u00f3n!! Al mediod\u00eda compartimos el almuerzo y mientras recuper\u00e1bamos energ\u00edas participamos de un taller de barriletes. <\/span><\/p>\n<p><span>A la tarde realizamos la segunda caminata cruzando mallines y vertientes, guiados por Jos\u00e9 Gim\u00e9nez, hasta el pi\u00e9 del Cerro Chacabuco. Pudimos subir por su faldeo hasta una cueva donde en su interior se refugiaban murci\u00e9lagos! <\/span><\/p>\n<p><span>Una incre\u00edble salida, llena de experiencias donde nuestras estudiantes aportaron su alegr\u00eda y frescura!<\/span><\/p>\n<p>[\/et_pb_text][\/et_pb_column][\/et_pb_row][et_pb_row _builder_version=\u00bb4.4.8&#8243;][et_pb_column _builder_version=\u00bb4.4.8&#8243; type=\u00bb4_4&#8243;][et_pb_image src=\u00bbhttps:\/\/ifdc.edu.ar\/home\/wp-content\/uploads\/2023\/10\/4.jpg\u00bb _builder_version=\u00bb4.4.8&#8243; title_text=\u00bb4&#8243; hover_enabled=\u00bb0&#8243; align=\u00bbcenter\u00bb][\/et_pb_image][\/et_pb_column][\/et_pb_row][\/et_pb_section][et_pb_section fb_built=\u00bb1&#8243; _builder_version=\u00bb4.4.8&#8243;][et_pb_row _builder_version=\u00bb4.4.8&#8243; column_structure=\u00bb1_2,1_2&#8243;][et_pb_column _builder_version=\u00bb4.4.8&#8243; type=\u00bb1_2&#8243;][et_pb_text _builder_version=\u00bb4.4.8&#8243; hover_enabled=\u00bb0&#8243;]<\/p>\n<p><strong><span>S\u00e1bado 7 de octubre<\/span><\/strong><\/p>\n<p><span>Por otro lado, docentes (o de nuestro programa, si la info la vamos a poner en un sitio propio) realizaron, el s\u00e1bado 7 de octubre, el tercer encuentro del ciclo de formaci\u00f3n permanente con la Escuela Primaria N\u00b0 298: <em>\u201cLas puertas de entrada de la EAI en la educaci\u00f3n primaria\u201d<\/em>. En este caso, se trat\u00f3 de una salida al sendero pr\u00f3ximo a Virgen de las Nieves. Tambi\u00e9n visitamos el nuevo invernadero que Parques Nacionales levant\u00f3 en cercan\u00edas de la vieja usina militar. Muchas gracias Adolfo, por el recibimiento!!<\/span><\/p>\n<p>[\/et_pb_text][\/et_pb_column][et_pb_column _builder_version=\u00bb4.4.8&#8243; type=\u00bb1_2&#8243;][et_pb_image src=\u00bbhttps:\/\/ifdc.edu.ar\/home\/wp-content\/uploads\/2023\/10\/5.jpg\u00bb _builder_version=\u00bb4.4.8&#8243; title_text=\u00bb5&#8243; hover_enabled=\u00bb0&#8243;][\/et_pb_image][\/et_pb_column][\/et_pb_row][\/et_pb_section]<\/p>\n","protected":false},"excerpt":{"rendered":"<p>[et_pb_section fb_built=\u00bb1&#8243; _builder_version=\u00bb4.4.8&#8243;][et_pb_row _builder_version=\u00bb4.4.8&#8243; column_structure=\u00bb1_2,1_2&#8243;][et_pb_column _builder_version=\u00bb4.4.8&#8243; type=\u00bb1_2&#8243;][et_pb_text _builder_version=\u00bb4.4.8&#8243; hover_enabled=\u00bb0&#8243;] Martes 19 y viernes 22 de septiembre Nos visitaron las integrantes del \u00c1rea de Educaci\u00f3n Ambiental de Parques Nacionales; Valeria Koss, [&hellip;]<\/p>\n","protected":false},"author":3,"featured_media":0,"comment_status":"open","ping_status":"open","sticky":false,"template":"","format":"standard","meta":{"_et_pb_use_builder":"on","_et_pb_old_content":"","_et_gb_content_width":"","footnotes":""},"categories":[24],"tags":[],"class_list":["post-8160","post","type-post","status-publish","format-standard","hentry","category-educacion-ambiental-integral"],"yoast_head":"<!-- This site is optimized with the Yoast SEO plugin v26.9 - https:\/\/yoast.com\/product\/yoast-seo-wordpress\/ -->\n<title>Actividades recientes del Programa de Educaci\u00f3n Ambiental Integral del IFDC - IFDC Bariloche<\/title>\n<meta name=\"robots\" content=\"index, follow, max-snippet:-1, max-image-preview:large, max-video-preview:-1\" \/>\n<link rel=\"canonical\" href=\"https:\/\/ifdc.edu.ar\/home\/actividades-recientes-del-programa-de-educacion-ambiental-integral-del-ifdc\/\" \/>\n<meta property=\"og:locale\" content=\"es_ES\" \/>\n<meta property=\"og:type\" content=\"article\" \/>\n<meta property=\"og:title\" content=\"Actividades recientes del Programa de Educaci\u00f3n Ambiental Integral del IFDC - IFDC Bariloche\" \/>\n<meta property=\"og:description\" content=\"[et_pb_section fb_built=\u00bb1&#8243; _builder_version=\u00bb4.4.8&#8243;][et_pb_row _builder_version=\u00bb4.4.8&#8243; column_structure=\u00bb1_2,1_2&#8243;][et_pb_column _builder_version=\u00bb4.4.8&#8243; type=\u00bb1_2&#8243;][et_pb_text _builder_version=\u00bb4.4.8&#8243; hover_enabled=\u00bb0&#8243;] Martes 19 y viernes 22 de septiembre Nos visitaron las integrantes del \u00c1rea de Educaci\u00f3n Ambiental de Parques Nacionales; Valeria Koss, [&hellip;]\" \/>\n<meta property=\"og:url\" content=\"https:\/\/ifdc.edu.ar\/home\/actividades-recientes-del-programa-de-educacion-ambiental-integral-del-ifdc\/\" \/>\n<meta property=\"og:site_name\" content=\"IFDC Bariloche\" \/>\n<meta property=\"article:published_time\" content=\"2023-10-23T18:04:32+00:00\" \/>\n<meta property=\"article:modified_time\" content=\"2023-10-23T18:16:21+00:00\" \/>\n<meta name=\"author\" content=\"admin admin\" \/>\n<meta name=\"twitter:card\" content=\"summary_large_image\" \/>\n<meta name=\"twitter:label1\" content=\"Escrito por\" \/>\n\t<meta name=\"twitter:data1\" content=\"admin admin\" \/>\n\t<meta name=\"twitter:label2\" content=\"Tiempo de lectura\" \/>\n\t<meta name=\"twitter:data2\" content=\"3 minutos\" \/>\n<script type=\"application\/ld+json\" class=\"yoast-schema-graph\">{\"@context\":\"https:\/\/schema.org\",\"@graph\":[{\"@type\":\"Article\",\"@id\":\"https:\/\/ifdc.edu.ar\/home\/actividades-recientes-del-programa-de-educacion-ambiental-integral-del-ifdc\/#article\",\"isPartOf\":{\"@id\":\"https:\/\/ifdc.edu.ar\/home\/actividades-recientes-del-programa-de-educacion-ambiental-integral-del-ifdc\/\"},\"author\":{\"name\":\"admin admin\",\"@id\":\"https:\/\/ifdc.edu.ar\/home\/#\/schema\/person\/d56dbc2f2489983c5270184312aab61b\"},\"headline\":\"Actividades recientes del Programa de Educaci\u00f3n Ambiental Integral del IFDC\",\"datePublished\":\"2023-10-23T18:04:32+00:00\",\"dateModified\":\"2023-10-23T18:16:21+00:00\",\"mainEntityOfPage\":{\"@id\":\"https:\/\/ifdc.edu.ar\/home\/actividades-recientes-del-programa-de-educacion-ambiental-integral-del-ifdc\/\"},\"wordCount\":699,\"commentCount\":0,\"articleSection\":[\"Educaci\u00f3n Ambiental Integral\"],\"inLanguage\":\"es\",\"potentialAction\":[{\"@type\":\"CommentAction\",\"name\":\"Comment\",\"target\":[\"https:\/\/ifdc.edu.ar\/home\/actividades-recientes-del-programa-de-educacion-ambiental-integral-del-ifdc\/#respond\"]}]},{\"@type\":\"WebPage\",\"@id\":\"https:\/\/ifdc.edu.ar\/home\/actividades-recientes-del-programa-de-educacion-ambiental-integral-del-ifdc\/\",\"url\":\"https:\/\/ifdc.edu.ar\/home\/actividades-recientes-del-programa-de-educacion-ambiental-integral-del-ifdc\/\",\"name\":\"Actividades recientes del Programa de Educaci\u00f3n Ambiental Integral del IFDC - IFDC Bariloche\",\"isPartOf\":{\"@id\":\"https:\/\/ifdc.edu.ar\/home\/#website\"},\"datePublished\":\"2023-10-23T18:04:32+00:00\",\"dateModified\":\"2023-10-23T18:16:21+00:00\",\"author\":{\"@id\":\"https:\/\/ifdc.edu.ar\/home\/#\/schema\/person\/d56dbc2f2489983c5270184312aab61b\"},\"breadcrumb\":{\"@id\":\"https:\/\/ifdc.edu.ar\/home\/actividades-recientes-del-programa-de-educacion-ambiental-integral-del-ifdc\/#breadcrumb\"},\"inLanguage\":\"es\",\"potentialAction\":[{\"@type\":\"ReadAction\",\"target\":[\"https:\/\/ifdc.edu.ar\/home\/actividades-recientes-del-programa-de-educacion-ambiental-integral-del-ifdc\/\"]}]},{\"@type\":\"BreadcrumbList\",\"@id\":\"https:\/\/ifdc.edu.ar\/home\/actividades-recientes-del-programa-de-educacion-ambiental-integral-del-ifdc\/#breadcrumb\",\"itemListElement\":[{\"@type\":\"ListItem\",\"position\":1,\"name\":\"Portada\",\"item\":\"https:\/\/ifdc.edu.ar\/home\/\"},{\"@type\":\"ListItem\",\"position\":2,\"name\":\"Actividades recientes del Programa de Educaci\u00f3n Ambiental Integral del IFDC\"}]},{\"@type\":\"WebSite\",\"@id\":\"https:\/\/ifdc.edu.ar\/home\/#website\",\"url\":\"https:\/\/ifdc.edu.ar\/home\/\",\"name\":\"IFDC Bariloche\",\"description\":\"IFDC Bariloche\",\"potentialAction\":[{\"@type\":\"SearchAction\",\"target\":{\"@type\":\"EntryPoint\",\"urlTemplate\":\"https:\/\/ifdc.edu.ar\/home\/?s={search_term_string}\"},\"query-input\":{\"@type\":\"PropertyValueSpecification\",\"valueRequired\":true,\"valueName\":\"search_term_string\"}}],\"inLanguage\":\"es\"},{\"@type\":\"Person\",\"@id\":\"https:\/\/ifdc.edu.ar\/home\/#\/schema\/person\/d56dbc2f2489983c5270184312aab61b\",\"name\":\"admin admin\",\"image\":{\"@type\":\"ImageObject\",\"inLanguage\":\"es\",\"@id\":\"https:\/\/ifdc.edu.ar\/home\/#\/schema\/person\/image\/\",\"url\":\"https:\/\/secure.gravatar.com\/avatar\/573f53f78240008554940f49c3833d29ef6c20a351c603fc9fc8f328b60fa679?s=96&d=mm&r=g\",\"contentUrl\":\"https:\/\/secure.gravatar.com\/avatar\/573f53f78240008554940f49c3833d29ef6c20a351c603fc9fc8f328b60fa679?s=96&d=mm&r=g\",\"caption\":\"admin admin\"},\"sameAs\":[\"http:\/\/ifdc.edu.ar\"],\"url\":\"https:\/\/ifdc.edu.ar\/home\/author\/admin\/\"}]}<\/script>\n<!-- \/ Yoast SEO plugin. -->","yoast_head_json":{"title":"Actividades recientes del Programa de Educaci\u00f3n Ambiental Integral del IFDC - IFDC Bariloche","robots":{"index":"index","follow":"follow","max-snippet":"max-snippet:-1","max-image-preview":"max-image-preview:large","max-video-preview":"max-video-preview:-1"},"canonical":"https:\/\/ifdc.edu.ar\/home\/actividades-recientes-del-programa-de-educacion-ambiental-integral-del-ifdc\/","og_locale":"es_ES","og_type":"article","og_title":"Actividades recientes del Programa de Educaci\u00f3n Ambiental Integral del IFDC - IFDC Bariloche","og_description":"[et_pb_section fb_built=\u00bb1&#8243; _builder_version=\u00bb4.4.8&#8243;][et_pb_row _builder_version=\u00bb4.4.8&#8243; column_structure=\u00bb1_2,1_2&#8243;][et_pb_column _builder_version=\u00bb4.4.8&#8243; type=\u00bb1_2&#8243;][et_pb_text _builder_version=\u00bb4.4.8&#8243; hover_enabled=\u00bb0&#8243;] Martes 19 y viernes 22 de septiembre Nos visitaron las integrantes del \u00c1rea de Educaci\u00f3n Ambiental de Parques Nacionales; Valeria Koss, [&hellip;]","og_url":"https:\/\/ifdc.edu.ar\/home\/actividades-recientes-del-programa-de-educacion-ambiental-integral-del-ifdc\/","og_site_name":"IFDC Bariloche","article_published_time":"2023-10-23T18:04:32+00:00","article_modified_time":"2023-10-23T18:16:21+00:00","author":"admin admin","twitter_card":"summary_large_image","twitter_misc":{"Escrito por":"admin admin","Tiempo de lectura":"3 minutos"},"schema":{"@context":"https:\/\/schema.org","@graph":[{"@type":"Article","@id":"https:\/\/ifdc.edu.ar\/home\/actividades-recientes-del-programa-de-educacion-ambiental-integral-del-ifdc\/#article","isPartOf":{"@id":"https:\/\/ifdc.edu.ar\/home\/actividades-recientes-del-programa-de-educacion-ambiental-integral-del-ifdc\/"},"author":{"name":"admin admin","@id":"https:\/\/ifdc.edu.ar\/home\/#\/schema\/person\/d56dbc2f2489983c5270184312aab61b"},"headline":"Actividades recientes del Programa de Educaci\u00f3n Ambiental Integral del IFDC","datePublished":"2023-10-23T18:04:32+00:00","dateModified":"2023-10-23T18:16:21+00:00","mainEntityOfPage":{"@id":"https:\/\/ifdc.edu.ar\/home\/actividades-recientes-del-programa-de-educacion-ambiental-integral-del-ifdc\/"},"wordCount":699,"commentCount":0,"articleSection":["Educaci\u00f3n Ambiental Integral"],"inLanguage":"es","potentialAction":[{"@type":"CommentAction","name":"Comment","target":["https:\/\/ifdc.edu.ar\/home\/actividades-recientes-del-programa-de-educacion-ambiental-integral-del-ifdc\/#respond"]}]},{"@type":"WebPage","@id":"https:\/\/ifdc.edu.ar\/home\/actividades-recientes-del-programa-de-educacion-ambiental-integral-del-ifdc\/","url":"https:\/\/ifdc.edu.ar\/home\/actividades-recientes-del-programa-de-educacion-ambiental-integral-del-ifdc\/","name":"Actividades recientes del Programa de Educaci\u00f3n Ambiental Integral del IFDC - IFDC Bariloche","isPartOf":{"@id":"https:\/\/ifdc.edu.ar\/home\/#website"},"datePublished":"2023-10-23T18:04:32+00:00","dateModified":"2023-10-23T18:16:21+00:00","author":{"@id":"https:\/\/ifdc.edu.ar\/home\/#\/schema\/person\/d56dbc2f2489983c5270184312aab61b"},"breadcrumb":{"@id":"https:\/\/ifdc.edu.ar\/home\/actividades-recientes-del-programa-de-educacion-ambiental-integral-del-ifdc\/#breadcrumb"},"inLanguage":"es","potentialAction":[{"@type":"ReadAction","target":["https:\/\/ifdc.edu.ar\/home\/actividades-recientes-del-programa-de-educacion-ambiental-integral-del-ifdc\/"]}]},{"@type":"BreadcrumbList","@id":"https:\/\/ifdc.edu.ar\/home\/actividades-recientes-del-programa-de-educacion-ambiental-integral-del-ifdc\/#breadcrumb","itemListElement":[{"@type":"ListItem","position":1,"name":"Portada","item":"https:\/\/ifdc.edu.ar\/home\/"},{"@type":"ListItem","position":2,"name":"Actividades recientes del Programa de Educaci\u00f3n Ambiental Integral del IFDC"}]},{"@type":"WebSite","@id":"https:\/\/ifdc.edu.ar\/home\/#website","url":"https:\/\/ifdc.edu.ar\/home\/","name":"IFDC Bariloche","description":"IFDC Bariloche","potentialAction":[{"@type":"SearchAction","target":{"@type":"EntryPoint","urlTemplate":"https:\/\/ifdc.edu.ar\/home\/?s={search_term_string}"},"query-input":{"@type":"PropertyValueSpecification","valueRequired":true,"valueName":"search_term_string"}}],"inLanguage":"es"},{"@type":"Person","@id":"https:\/\/ifdc.edu.ar\/home\/#\/schema\/person\/d56dbc2f2489983c5270184312aab61b","name":"admin admin","image":{"@type":"ImageObject","inLanguage":"es","@id":"https:\/\/ifdc.edu.ar\/home\/#\/schema\/person\/image\/","url":"https:\/\/secure.gravatar.com\/avatar\/573f53f78240008554940f49c3833d29ef6c20a351c603fc9fc8f328b60fa679?s=96&d=mm&r=g","contentUrl":"https:\/\/secure.gravatar.com\/avatar\/573f53f78240008554940f49c3833d29ef6c20a351c603fc9fc8f328b60fa679?s=96&d=mm&r=g","caption":"admin admin"},"sameAs":["http:\/\/ifdc.edu.ar"],"url":"https:\/\/ifdc.edu.ar\/home\/author\/admin\/"}]}},"_links":{"self":[{"href":"https:\/\/ifdc.edu.ar\/home\/wp-json\/wp\/v2\/posts\/8160","targetHints":{"allow":["GET"]}}],"collection":[{"href":"https:\/\/ifdc.edu.ar\/home\/wp-json\/wp\/v2\/posts"}],"about":[{"href":"https:\/\/ifdc.edu.ar\/home\/wp-json\/wp\/v2\/types\/post"}],"author":[{"embeddable":true,"href":"https:\/\/ifdc.edu.ar\/home\/wp-json\/wp\/v2\/users\/3"}],"replies":[{"embeddable":true,"href":"https:\/\/ifdc.edu.ar\/home\/wp-json\/wp\/v2\/comments?post=8160"}],"version-history":[{"count":3,"href":"https:\/\/ifdc.edu.ar\/home\/wp-json\/wp\/v2\/posts\/8160\/revisions"}],"predecessor-version":[{"id":8169,"href":"https:\/\/ifdc.edu.ar\/home\/wp-json\/wp\/v2\/posts\/8160\/revisions\/8169"}],"wp:attachment":[{"href":"https:\/\/ifdc.edu.ar\/home\/wp-json\/wp\/v2\/media?parent=8160"}],"wp:term":[{"taxonomy":"category","embeddable":true,"href":"https:\/\/ifdc.edu.ar\/home\/wp-json\/wp\/v2\/categories?post=8160"},{"taxonomy":"post_tag","embeddable":true,"href":"https:\/\/ifdc.edu.ar\/home\/wp-json\/wp\/v2\/tags?post=8160"}],"curies":[{"name":"wp","href":"https:\/\/api.w.org\/{rel}","templated":true}]}}