{"id":8817,"date":"2024-07-24T17:28:20","date_gmt":"2024-07-24T17:28:20","guid":{"rendered":"https:\/\/ifdc.edu.ar\/home\/?p=8817"},"modified":"2024-07-24T18:02:43","modified_gmt":"2024-07-24T18:02:43","slug":"hoy-mas-que-nunca-winoy-xipantu","status":"publish","type":"post","link":"https:\/\/ifdc.edu.ar\/home\/hoy-mas-que-nunca-winoy-xipantu\/","title":{"rendered":"Hoy m\u00e1s que nunca \u00a1\u00a1WI\u00d1OY XIPANTU!!"},"content":{"rendered":"<p>[et_pb_section fb_built=\u00bb1&#8243; _builder_version=\u00bb4.4.8&#8243;][et_pb_row _builder_version=\u00bb4.4.8&#8243;][et_pb_column type=\u00bb4_4&#8243; _builder_version=\u00bb4.4.8&#8243;][et_pb_text _builder_version=\u00bb4.4.8&#8243;]<\/p>\n<p><strong>WI\u00d1OY XIPANTU: El sol regresa y todas las fuerzas se renuevan. Tambi\u00e9n, las del<\/strong><br \/><strong>cuidado de la vida en este territorio.<\/strong><br \/>Hoy m\u00e1s que nunca <strong>\u00a1\u00a1WI\u00d1OY XIPANTU!!<\/strong><\/p>\n<p style=\"text-align: right;\">\u201cA paso de gallo regresa el sol!<br \/>Comienza el nuevo ciclo de la naturaleza<br \/>en esta parte del wallmapu!\u201d<\/p>\n<p>[\/et_pb_text][\/et_pb_column][\/et_pb_row][\/et_pb_section][et_pb_section fb_built=\u00bb1&#8243; _builder_version=\u00bb4.4.8&#8243; custom_margin=\u00bb10px|10px|10px|10px|false|false\u00bb custom_padding=\u00bb10px|10px||10px|false|false\u00bb border_radii=\u00bbon|1px|1px|1px|1px\u00bb border_width_all=\u00bb1px\u00bb][et_pb_row _builder_version=\u00bb4.4.8&#8243; locked=\u00bboff\u00bb][et_pb_column type=\u00bb4_4&#8243; _builder_version=\u00bb4.4.8&#8243;][et_pb_text _builder_version=\u00bb4.4.8&#8243;]<\/p>\n<p style=\"text-align: center;\"><strong>Trascendencia del WI\u00d1OY TXIPANTU o WE TXIPANTU<\/strong><\/p>\n<p>[\/et_pb_text][\/et_pb_column][\/et_pb_row][et_pb_row column_structure=\u00bb1_2,1_2&#8243; _builder_version=\u00bb4.4.8&#8243; locked=\u00bboff\u00bb][et_pb_column type=\u00bb1_2&#8243; _builder_version=\u00bb4.4.8&#8243;][et_pb_text _builder_version=\u00bb4.4.8&#8243;]<\/p>\n<p>\u00a0<strong style=\"font-size: 14px;\">Entre el 18 al 24 d<\/strong><span style=\"font-size: 14px;\">e junio se celebra el solsticio de invierno, el \u201ca\u00f1o nuevo\u201d para diferentes pueblos originarios del hemisferio sur (Inti Raymi, Machaq mara, Ta&#8217;u H\u014d&#8217;ou son los modos de nombrar este fen\u00f3meno por otros pueblos en otras latitudes). El Pueblo Mapuche denomina a este tiempo \u201cwi\u00f1oy txipantu\u201d la vuelta\u00a0 o el regreso del sol. Esta celebraci\u00f3n es de gran importancia para la naturaleza y con ella para todo ser viviente, ya que, marca el inicio de un nuevo ciclo con el Pukem (invierno). La renovaci\u00f3n de la itxofil mogen (la diversidad de vidas) comienza desde la interioridad de la tierra para manifestar su fuerza en tiempos venideros de primavera y verano.<\/span><\/p>\n<p>[\/et_pb_text][\/et_pb_column][et_pb_column type=\u00bb1_2&#8243; _builder_version=\u00bb4.4.8&#8243;][et_pb_image src=\u00bbhttps:\/\/ifdc.edu.ar\/home\/wp-content\/uploads\/2024\/07\/1.jpg\u00bb title_text=\u00bb1&#8243; align=\u00bbcenter\u00bb _builder_version=\u00bb4.4.8&#8243;][\/et_pb_image][\/et_pb_column][\/et_pb_row][et_pb_row column_structure=\u00bb1_2,1_2&#8243; _builder_version=\u00bb4.4.8&#8243; locked=\u00bboff\u00bb][et_pb_column type=\u00bb1_2&#8243; _builder_version=\u00bb4.4.8&#8243;][et_pb_image src=\u00bbhttps:\/\/ifdc.edu.ar\/home\/wp-content\/uploads\/2024\/07\/2.jpg\u00bb title_text=\u00bb2&#8243; align=\u00bbcenter\u00bb _builder_version=\u00bb4.4.8&#8243;][\/et_pb_image][\/et_pb_column][et_pb_column type=\u00bb1_2&#8243; _builder_version=\u00bb4.4.8&#8243;][et_pb_text _builder_version=\u00bb4.4.8&#8243;]<\/p>\n<p>En este territorio, el wi\u00f1oy txipantu es un momento de renovaci\u00f3n, de profundo significado cultural y espiritual para el pueblo Mapuche, ya que, representa la continuidad de las pr\u00e1cticas espirituales que fortalecen nuestro v\u00ednculo con\u00a0 la mapu (tierra). Durante la noche m\u00e1s larga del final y el comienzo del ciclo, se encienden los fogones para invitar al sol a volver y propiciar el encuentro entre las personas. Es un acontecimiento festivo, comunitario,\u00a0 familiar y espiritual, de reflexi\u00f3n y, tambi\u00e9n, de organizaci\u00f3n de la vida cotidiana seg\u00fan el pulso que marca la tierra. Al amanecer, se acostumbra a buscar fuentes de aguas cristalinas para hacer la ceremonia de g\u00fcllipun y m\u00fc\u00f1etun. Aguas frescas y limpias que ayuden a renovar la vida.<\/p>\n<p>[\/et_pb_text][\/et_pb_column][\/et_pb_row][\/et_pb_section][et_pb_section fb_built=\u00bb1&#8243; _builder_version=\u00bb4.4.8&#8243;][et_pb_row _builder_version=\u00bb4.4.8&#8243;][et_pb_column type=\u00bb4_4&#8243; _builder_version=\u00bb4.4.8&#8243;][et_pb_text _builder_version=\u00bb4.4.8&#8243;]<\/p>\n<p>&nbsp;<\/p>\n<p>&nbsp;<\/p>\n<p>Desde el Programa de Educaci\u00f3n Ambiental Integral y el Programa de Interculturalidad del Instituto de Formaci\u00f3n Docente Bariloche celebramos este nuevo ciclo que comienza. El conocimiento que ha sabido construir el Pueblo Mapuche, a trav\u00e9s de la observaci\u00f3n y la coexistencia respetuosa con la <em>ixofill mogen<\/em>\u00a0 (todas las formas de vida), nos ense\u00f1a que por estos d\u00edas el sol comienza a volver<em> txekan allka reke<\/em>, como a paso de gallo. Este es un tiempo que invita a todas las personas que habitan este espacio territorial a renovar sus fuerzas junto a todas las vidas con las que coexistimos a diario: los lagos, los r\u00edos, los arroyos, los bosques, las monta\u00f1as y todos los animales, aves y plantas; cuyas presencias y bienestar hacen al bienestar (k\u00fcme felen) de todas las personas.<\/p>\n<p>&nbsp;<\/p>\n<p>En este sentido, queremos manifestar nuestra <strong>profunda preocupaci\u00f3n por el avance de pol\u00edticas nacionales que atentan contra la vida de los territorios con pol\u00edticas que fomentan proyectos extractivistas y, a la vez, atentan contra la convivencia y fraternidad entre los pueblos e identidades que habitan este territorio,<\/strong> bajo falaces y gastados pretextos de una supuesta defensa de \u201cla identidad nacional\u201d.<\/p>\n<p>[\/et_pb_text][\/et_pb_column][\/et_pb_row][et_pb_row column_structure=\u00bb1_2,1_2&#8243; _builder_version=\u00bb4.4.8&#8243;][et_pb_column type=\u00bb1_2&#8243; _builder_version=\u00bb4.4.8&#8243;][et_pb_text _builder_version=\u00bb4.4.8&#8243;]<\/p>\n<p>En los \u00faltimos tiempos, hemos asistido a sucesivas iniciativas autoritarias y racistas por parte del gobierno nacional respecto a los pueblos originarios que <strong>van en contra del camino de reconocimiento emprendido en los \u00faltimos treinta a\u00f1os<\/strong> y contra las normativas vigentes: eliminaci\u00f3n del Instituto Nacional de Asuntos Ind\u00edgenas (INAI),cambio de nombre al Sal\u00f3n de los Pueblos Originarios de la casa de gobierno, prohibici\u00f3n de izar la bandera wiphala y la wenufoye en instituciones p\u00fablicas, discursos de odio en las redes sociales, entre otras. Estas provocaciones tienen su correlato en nuestra provincia con, por ejemplo, el proyecto presentado en la Legislatura de Rio Negro para que se prohiba el uso de la wenufoye en los espacios p\u00fablicos y la presentaci\u00f3n de la misma en los actos escolares en contradicci\u00f3n con la ley de Educaci\u00f3n Nacional N\u00b0 26206\/06 que garantiza el respeto por la identidad cultural y ling\u00fcistica de los pueblos originarios.<\/p>\n<p>&nbsp;<\/p>\n<p>[\/et_pb_text][\/et_pb_column][et_pb_column type=\u00bb1_2&#8243; _builder_version=\u00bb4.4.8&#8243;][et_pb_image src=\u00bbhttps:\/\/ifdc.edu.ar\/home\/wp-content\/uploads\/2024\/07\/3.jpg\u00bb title_text=\u00bb3&#8243; _builder_version=\u00bb4.4.8&#8243;][\/et_pb_image][\/et_pb_column][\/et_pb_row][et_pb_row _builder_version=\u00bb4.4.8&#8243;][et_pb_column type=\u00bb4_4&#8243; _builder_version=\u00bb4.4.8&#8243;][et_pb_text _builder_version=\u00bb4.4.8&#8243;]<\/p>\n<p>Hoy se agrega una nueva provocaci\u00f3n en forma de negacionismo y censura. La Directora de Comunicaciones y Relaciones Institucionales de la Administraci\u00f3n de Parques Nacionales (APN) <strong>prohibi\u00f3 \u201ccualquier comunicaci\u00f3n\u201d referida al a\u00f1o nuevo mapuche y a la fiesta del sol (Inti Rami) de los pueblos andinos en un intento m\u00e1s de invisibilizar las pr\u00e1cticas y cosmovisiones ind\u00edgenas<\/strong> consagradas en la Constituci\u00f3n Nacional, leyes nacionales y provinciales y tratados internacionales. Acaso, tratando de hacer cumplir aquella sentencia\u00a0 de George Steiner de que \u201clo que no se nombra, no existe\u201d.<\/p>\n<p>Creemos que es justo diferenciar entre este acto autoritario y negacionista de la Administraci\u00f3n Nacional de Parques Nacionales y la trayectoria de cada parque nacional y sus valiosas acciones cotidianas tendientes a la construcci\u00f3n de v\u00ednculos de convivencia y reconocimiento de las pr\u00e1cticas ancestrales de los pueblos que los habitan. En ese sentido, es preciso advertir que una de las funciones principales de los parques nacionales es la educaci\u00f3n ambiental (<a href=\"https:\/\/www.argentina.gob.ar\/interior\/ambiente\/parquesnacionales\">https:\/\/www.argentina.gob.ar\/interior\/ambiente\/parquesnacionales<\/a>).<\/p>\n<p>Desde 2021 contamos con una ley nacional de Educaci\u00f3n Ambiental Integral que define entre sus principios el <strong>reconocimiento de la diversidad cultural:<\/strong> <em>\u201cla educaci\u00f3n ambiental debe contemplar formas democr\u00e1ticas de participaci\u00f3n de las diversas formas de relacionarse con la naturaleza, valorando los diferentes modelos culturales como oportunidad de crecimiento en la comprensi\u00f3n del mundo<\/em>\u201d (art\u00edculo 3, inciso e).<\/p>\n<p>Reconocer leyes alcanzadas en democracia, valorar y respetar la diversidad cultural no deber\u00eda ser censurado ni penado por un estado que alega gobernar para la libertad, sino todo lo contrario.<\/p>\n<p>El hecho de que desde el \u00e1rea de comunicaci\u00f3n de la APN se proh\u00edba mencionar esta manifestaci\u00f3n cultural refleja un <strong>profundo agravio no solo al pueblo mapuche sino a la poblaci\u00f3n entera, que busca, halla y respeta las ra\u00edces ancestrales y reconoce su pertenencia al ambiente que habita.<\/strong><\/p>\n<p>&nbsp;<\/p>\n<p>Celebramos, entonces, el WI\u00d1OY TXIPANTU y hacemos un llamado a compartir esta voz para poder estar m\u00e1s cerca del Buen Vivir que nos quieren quitar.<\/p>\n<p>&nbsp;<\/p>\n<p>Programa de Educaci\u00f3n Ambiental Integral y Programa de Interculturalidad del IFDC (Bariloche).<\/p>\n<p>[\/et_pb_text][\/et_pb_column][\/et_pb_row][\/et_pb_section]<\/p>\n","protected":false},"excerpt":{"rendered":"<p>[et_pb_section fb_built=\u00bb1&#8243; _builder_version=\u00bb4.4.8&#8243;][et_pb_row _builder_version=\u00bb4.4.8&#8243;][et_pb_column type=\u00bb4_4&#8243; _builder_version=\u00bb4.4.8&#8243;][et_pb_text _builder_version=\u00bb4.4.8&#8243;] WI\u00d1OY XIPANTU: El sol regresa y todas las fuerzas se renuevan. Tambi\u00e9n, las delcuidado de la vida en este territorio.Hoy m\u00e1s que nunca [&hellip;]<\/p>\n","protected":false},"author":3,"featured_media":0,"comment_status":"open","ping_status":"open","sticky":false,"template":"","format":"standard","meta":{"_et_pb_use_builder":"on","_et_pb_old_content":"","_et_gb_content_width":"","footnotes":""},"categories":[24,1],"tags":[],"class_list":["post-8817","post","type-post","status-publish","format-standard","hentry","category-educacion-ambiental-integral","category-sin-categoria"],"yoast_head":"<!-- This site is optimized with the Yoast SEO plugin v26.9 - https:\/\/yoast.com\/product\/yoast-seo-wordpress\/ -->\n<title>Hoy m\u00e1s que nunca \u00a1\u00a1WI\u00d1OY XIPANTU!! - IFDC Bariloche<\/title>\n<meta name=\"robots\" content=\"index, follow, max-snippet:-1, max-image-preview:large, max-video-preview:-1\" \/>\n<link rel=\"canonical\" href=\"https:\/\/ifdc.edu.ar\/home\/hoy-mas-que-nunca-winoy-xipantu\/\" \/>\n<meta property=\"og:locale\" content=\"es_ES\" \/>\n<meta property=\"og:type\" content=\"article\" \/>\n<meta property=\"og:title\" content=\"Hoy m\u00e1s que nunca \u00a1\u00a1WI\u00d1OY XIPANTU!! - IFDC Bariloche\" \/>\n<meta property=\"og:description\" content=\"[et_pb_section fb_built=\u00bb1&#8243; _builder_version=\u00bb4.4.8&#8243;][et_pb_row _builder_version=\u00bb4.4.8&#8243;][et_pb_column type=\u00bb4_4&#8243; _builder_version=\u00bb4.4.8&#8243;][et_pb_text _builder_version=\u00bb4.4.8&#8243;] WI\u00d1OY XIPANTU: El sol regresa y todas las fuerzas se renuevan. Tambi\u00e9n, las delcuidado de la vida en este territorio.Hoy m\u00e1s que nunca [&hellip;]\" \/>\n<meta property=\"og:url\" content=\"https:\/\/ifdc.edu.ar\/home\/hoy-mas-que-nunca-winoy-xipantu\/\" \/>\n<meta property=\"og:site_name\" content=\"IFDC Bariloche\" \/>\n<meta property=\"article:published_time\" content=\"2024-07-24T17:28:20+00:00\" \/>\n<meta property=\"article:modified_time\" content=\"2024-07-24T18:02:43+00:00\" \/>\n<meta name=\"author\" content=\"admin admin\" \/>\n<meta name=\"twitter:card\" content=\"summary_large_image\" \/>\n<meta name=\"twitter:label1\" content=\"Escrito por\" \/>\n\t<meta name=\"twitter:data1\" content=\"admin admin\" \/>\n\t<meta name=\"twitter:label2\" content=\"Tiempo de lectura\" \/>\n\t<meta name=\"twitter:data2\" content=\"7 minutos\" \/>\n<script type=\"application\/ld+json\" class=\"yoast-schema-graph\">{\"@context\":\"https:\/\/schema.org\",\"@graph\":[{\"@type\":\"Article\",\"@id\":\"https:\/\/ifdc.edu.ar\/home\/hoy-mas-que-nunca-winoy-xipantu\/#article\",\"isPartOf\":{\"@id\":\"https:\/\/ifdc.edu.ar\/home\/hoy-mas-que-nunca-winoy-xipantu\/\"},\"author\":{\"name\":\"admin admin\",\"@id\":\"https:\/\/ifdc.edu.ar\/home\/#\/schema\/person\/d56dbc2f2489983c5270184312aab61b\"},\"headline\":\"Hoy m\u00e1s que nunca \u00a1\u00a1WI\u00d1OY XIPANTU!!\",\"datePublished\":\"2024-07-24T17:28:20+00:00\",\"dateModified\":\"2024-07-24T18:02:43+00:00\",\"mainEntityOfPage\":{\"@id\":\"https:\/\/ifdc.edu.ar\/home\/hoy-mas-que-nunca-winoy-xipantu\/\"},\"wordCount\":1382,\"commentCount\":0,\"articleSection\":[\"Educaci\u00f3n Ambiental Integral\"],\"inLanguage\":\"es\",\"potentialAction\":[{\"@type\":\"CommentAction\",\"name\":\"Comment\",\"target\":[\"https:\/\/ifdc.edu.ar\/home\/hoy-mas-que-nunca-winoy-xipantu\/#respond\"]}]},{\"@type\":\"WebPage\",\"@id\":\"https:\/\/ifdc.edu.ar\/home\/hoy-mas-que-nunca-winoy-xipantu\/\",\"url\":\"https:\/\/ifdc.edu.ar\/home\/hoy-mas-que-nunca-winoy-xipantu\/\",\"name\":\"Hoy m\u00e1s que nunca \u00a1\u00a1WI\u00d1OY XIPANTU!! - IFDC Bariloche\",\"isPartOf\":{\"@id\":\"https:\/\/ifdc.edu.ar\/home\/#website\"},\"datePublished\":\"2024-07-24T17:28:20+00:00\",\"dateModified\":\"2024-07-24T18:02:43+00:00\",\"author\":{\"@id\":\"https:\/\/ifdc.edu.ar\/home\/#\/schema\/person\/d56dbc2f2489983c5270184312aab61b\"},\"breadcrumb\":{\"@id\":\"https:\/\/ifdc.edu.ar\/home\/hoy-mas-que-nunca-winoy-xipantu\/#breadcrumb\"},\"inLanguage\":\"es\",\"potentialAction\":[{\"@type\":\"ReadAction\",\"target\":[\"https:\/\/ifdc.edu.ar\/home\/hoy-mas-que-nunca-winoy-xipantu\/\"]}]},{\"@type\":\"BreadcrumbList\",\"@id\":\"https:\/\/ifdc.edu.ar\/home\/hoy-mas-que-nunca-winoy-xipantu\/#breadcrumb\",\"itemListElement\":[{\"@type\":\"ListItem\",\"position\":1,\"name\":\"Portada\",\"item\":\"https:\/\/ifdc.edu.ar\/home\/\"},{\"@type\":\"ListItem\",\"position\":2,\"name\":\"Hoy m\u00e1s que nunca \u00a1\u00a1WI\u00d1OY XIPANTU!!\"}]},{\"@type\":\"WebSite\",\"@id\":\"https:\/\/ifdc.edu.ar\/home\/#website\",\"url\":\"https:\/\/ifdc.edu.ar\/home\/\",\"name\":\"IFDC Bariloche\",\"description\":\"IFDC Bariloche\",\"potentialAction\":[{\"@type\":\"SearchAction\",\"target\":{\"@type\":\"EntryPoint\",\"urlTemplate\":\"https:\/\/ifdc.edu.ar\/home\/?s={search_term_string}\"},\"query-input\":{\"@type\":\"PropertyValueSpecification\",\"valueRequired\":true,\"valueName\":\"search_term_string\"}}],\"inLanguage\":\"es\"},{\"@type\":\"Person\",\"@id\":\"https:\/\/ifdc.edu.ar\/home\/#\/schema\/person\/d56dbc2f2489983c5270184312aab61b\",\"name\":\"admin admin\",\"image\":{\"@type\":\"ImageObject\",\"inLanguage\":\"es\",\"@id\":\"https:\/\/ifdc.edu.ar\/home\/#\/schema\/person\/image\/\",\"url\":\"https:\/\/secure.gravatar.com\/avatar\/573f53f78240008554940f49c3833d29ef6c20a351c603fc9fc8f328b60fa679?s=96&d=mm&r=g\",\"contentUrl\":\"https:\/\/secure.gravatar.com\/avatar\/573f53f78240008554940f49c3833d29ef6c20a351c603fc9fc8f328b60fa679?s=96&d=mm&r=g\",\"caption\":\"admin admin\"},\"sameAs\":[\"http:\/\/ifdc.edu.ar\"],\"url\":\"https:\/\/ifdc.edu.ar\/home\/author\/admin\/\"}]}<\/script>\n<!-- \/ Yoast SEO plugin. -->","yoast_head_json":{"title":"Hoy m\u00e1s que nunca \u00a1\u00a1WI\u00d1OY XIPANTU!! - IFDC Bariloche","robots":{"index":"index","follow":"follow","max-snippet":"max-snippet:-1","max-image-preview":"max-image-preview:large","max-video-preview":"max-video-preview:-1"},"canonical":"https:\/\/ifdc.edu.ar\/home\/hoy-mas-que-nunca-winoy-xipantu\/","og_locale":"es_ES","og_type":"article","og_title":"Hoy m\u00e1s que nunca \u00a1\u00a1WI\u00d1OY XIPANTU!! - IFDC Bariloche","og_description":"[et_pb_section fb_built=\u00bb1&#8243; _builder_version=\u00bb4.4.8&#8243;][et_pb_row _builder_version=\u00bb4.4.8&#8243;][et_pb_column type=\u00bb4_4&#8243; _builder_version=\u00bb4.4.8&#8243;][et_pb_text _builder_version=\u00bb4.4.8&#8243;] WI\u00d1OY XIPANTU: El sol regresa y todas las fuerzas se renuevan. Tambi\u00e9n, las delcuidado de la vida en este territorio.Hoy m\u00e1s que nunca [&hellip;]","og_url":"https:\/\/ifdc.edu.ar\/home\/hoy-mas-que-nunca-winoy-xipantu\/","og_site_name":"IFDC Bariloche","article_published_time":"2024-07-24T17:28:20+00:00","article_modified_time":"2024-07-24T18:02:43+00:00","author":"admin admin","twitter_card":"summary_large_image","twitter_misc":{"Escrito por":"admin admin","Tiempo de lectura":"7 minutos"},"schema":{"@context":"https:\/\/schema.org","@graph":[{"@type":"Article","@id":"https:\/\/ifdc.edu.ar\/home\/hoy-mas-que-nunca-winoy-xipantu\/#article","isPartOf":{"@id":"https:\/\/ifdc.edu.ar\/home\/hoy-mas-que-nunca-winoy-xipantu\/"},"author":{"name":"admin admin","@id":"https:\/\/ifdc.edu.ar\/home\/#\/schema\/person\/d56dbc2f2489983c5270184312aab61b"},"headline":"Hoy m\u00e1s que nunca \u00a1\u00a1WI\u00d1OY XIPANTU!!","datePublished":"2024-07-24T17:28:20+00:00","dateModified":"2024-07-24T18:02:43+00:00","mainEntityOfPage":{"@id":"https:\/\/ifdc.edu.ar\/home\/hoy-mas-que-nunca-winoy-xipantu\/"},"wordCount":1382,"commentCount":0,"articleSection":["Educaci\u00f3n Ambiental Integral"],"inLanguage":"es","potentialAction":[{"@type":"CommentAction","name":"Comment","target":["https:\/\/ifdc.edu.ar\/home\/hoy-mas-que-nunca-winoy-xipantu\/#respond"]}]},{"@type":"WebPage","@id":"https:\/\/ifdc.edu.ar\/home\/hoy-mas-que-nunca-winoy-xipantu\/","url":"https:\/\/ifdc.edu.ar\/home\/hoy-mas-que-nunca-winoy-xipantu\/","name":"Hoy m\u00e1s que nunca \u00a1\u00a1WI\u00d1OY XIPANTU!! - IFDC Bariloche","isPartOf":{"@id":"https:\/\/ifdc.edu.ar\/home\/#website"},"datePublished":"2024-07-24T17:28:20+00:00","dateModified":"2024-07-24T18:02:43+00:00","author":{"@id":"https:\/\/ifdc.edu.ar\/home\/#\/schema\/person\/d56dbc2f2489983c5270184312aab61b"},"breadcrumb":{"@id":"https:\/\/ifdc.edu.ar\/home\/hoy-mas-que-nunca-winoy-xipantu\/#breadcrumb"},"inLanguage":"es","potentialAction":[{"@type":"ReadAction","target":["https:\/\/ifdc.edu.ar\/home\/hoy-mas-que-nunca-winoy-xipantu\/"]}]},{"@type":"BreadcrumbList","@id":"https:\/\/ifdc.edu.ar\/home\/hoy-mas-que-nunca-winoy-xipantu\/#breadcrumb","itemListElement":[{"@type":"ListItem","position":1,"name":"Portada","item":"https:\/\/ifdc.edu.ar\/home\/"},{"@type":"ListItem","position":2,"name":"Hoy m\u00e1s que nunca \u00a1\u00a1WI\u00d1OY XIPANTU!!"}]},{"@type":"WebSite","@id":"https:\/\/ifdc.edu.ar\/home\/#website","url":"https:\/\/ifdc.edu.ar\/home\/","name":"IFDC Bariloche","description":"IFDC Bariloche","potentialAction":[{"@type":"SearchAction","target":{"@type":"EntryPoint","urlTemplate":"https:\/\/ifdc.edu.ar\/home\/?s={search_term_string}"},"query-input":{"@type":"PropertyValueSpecification","valueRequired":true,"valueName":"search_term_string"}}],"inLanguage":"es"},{"@type":"Person","@id":"https:\/\/ifdc.edu.ar\/home\/#\/schema\/person\/d56dbc2f2489983c5270184312aab61b","name":"admin admin","image":{"@type":"ImageObject","inLanguage":"es","@id":"https:\/\/ifdc.edu.ar\/home\/#\/schema\/person\/image\/","url":"https:\/\/secure.gravatar.com\/avatar\/573f53f78240008554940f49c3833d29ef6c20a351c603fc9fc8f328b60fa679?s=96&d=mm&r=g","contentUrl":"https:\/\/secure.gravatar.com\/avatar\/573f53f78240008554940f49c3833d29ef6c20a351c603fc9fc8f328b60fa679?s=96&d=mm&r=g","caption":"admin admin"},"sameAs":["http:\/\/ifdc.edu.ar"],"url":"https:\/\/ifdc.edu.ar\/home\/author\/admin\/"}]}},"_links":{"self":[{"href":"https:\/\/ifdc.edu.ar\/home\/wp-json\/wp\/v2\/posts\/8817","targetHints":{"allow":["GET"]}}],"collection":[{"href":"https:\/\/ifdc.edu.ar\/home\/wp-json\/wp\/v2\/posts"}],"about":[{"href":"https:\/\/ifdc.edu.ar\/home\/wp-json\/wp\/v2\/types\/post"}],"author":[{"embeddable":true,"href":"https:\/\/ifdc.edu.ar\/home\/wp-json\/wp\/v2\/users\/3"}],"replies":[{"embeddable":true,"href":"https:\/\/ifdc.edu.ar\/home\/wp-json\/wp\/v2\/comments?post=8817"}],"version-history":[{"count":4,"href":"https:\/\/ifdc.edu.ar\/home\/wp-json\/wp\/v2\/posts\/8817\/revisions"}],"predecessor-version":[{"id":8825,"href":"https:\/\/ifdc.edu.ar\/home\/wp-json\/wp\/v2\/posts\/8817\/revisions\/8825"}],"wp:attachment":[{"href":"https:\/\/ifdc.edu.ar\/home\/wp-json\/wp\/v2\/media?parent=8817"}],"wp:term":[{"taxonomy":"category","embeddable":true,"href":"https:\/\/ifdc.edu.ar\/home\/wp-json\/wp\/v2\/categories?post=8817"},{"taxonomy":"post_tag","embeddable":true,"href":"https:\/\/ifdc.edu.ar\/home\/wp-json\/wp\/v2\/tags?post=8817"}],"curies":[{"name":"wp","href":"https:\/\/api.w.org\/{rel}","templated":true}]}}