{"id":8876,"date":"2024-08-08T17:26:02","date_gmt":"2024-08-08T17:26:02","guid":{"rendered":"https:\/\/ifdc.edu.ar\/home\/?p=8876"},"modified":"2024-08-08T17:31:58","modified_gmt":"2024-08-08T17:31:58","slug":"a-toda-la-comunidad-educativa-estudiantes-docentes-psa-secretaries-bibliotecaries-y-referentes-tic%e2%9d%97","status":"publish","type":"post","link":"https:\/\/ifdc.edu.ar\/home\/a-toda-la-comunidad-educativa-estudiantes-docentes-psa-secretaries-bibliotecaries-y-referentes-tic%e2%9d%97\/","title":{"rendered":"A toda la comunidad educativa: estudiantes, docentes, PSA, secretaries, bibliotecaries y referentes TIC&#x2757;"},"content":{"rendered":"<p>[et_pb_section fb_built=\u00bb1&#8243; admin_label=\u00bbsection\u00bb _builder_version=\u00bb3.22&#8243;][et_pb_row admin_label=\u00bbrow\u00bb _builder_version=\u00bb3.25&#8243; background_size=\u00bbinitial\u00bb background_position=\u00bbtop_left\u00bb background_repeat=\u00bbrepeat\u00bb][et_pb_column type=\u00bb4_4&#8243; _builder_version=\u00bb3.25&#8243; custom_padding=\u00bb|||\u00bb custom_padding__hover=\u00bb|||\u00bb][et_pb_image src=\u00bbhttps:\/\/ifdc.edu.ar\/home\/wp-content\/uploads\/2024\/08\/WhatsApp-Image-2024-08-06-at-20.33.20.jpeg\u00bb _builder_version=\u00bb4.4.8&#8243; title_text=\u00bbWhatsApp Image 2024-08-06 at 20.33.20&#8243; hover_enabled=\u00bb0&#8243;][\/et_pb_image][\/et_pb_column][\/et_pb_row][\/et_pb_section][et_pb_section fb_built=\u00bb1&#8243; _builder_version=\u00bb4.4.8&#8243;][et_pb_row _builder_version=\u00bb4.4.8&#8243;][et_pb_column _builder_version=\u00bb4.4.8&#8243; type=\u00bb4_4&#8243;][et_pb_text _builder_version=\u00bb4.4.8&#8243; hover_enabled=\u00bb0&#8243;]<\/p>\n<p>Les invitamos a la <strong>primera reuni\u00f3n de difusi\u00f3n sobre la gesti\u00f3n de residuos s\u00f3lidos<\/strong> que comenzaremos a implementar en nuestro IFDC a partir de este mes. El proyecto de \u201cgesti\u00f3n de residuos s\u00f3lidos\u201d tiene aval del CD e implica un cambio de h\u00e1bitos que nos involucra a todes.<\/p>\n<p>Surge de una iniciativa del Programa de Educaci\u00f3n Ambiental Integral del IFDC, pero no puede implementarse y sostenerse si no es de manera comunitaria. Por lo que resulta fundamental que todes est\u00e9n atentes a las nuevas formas de gesti\u00f3n de los residuos que implementaremos muy pronto, colaboren en la separaci\u00f3n y en la medida de lo posible se sumen a esta gesti\u00f3n participando de las charlas de difusi\u00f3n y replicando la informaci\u00f3n.<\/p>\n<p> <strong>Les esperamos este pr\u00f3ximo viernes a las 11.30 hs en el IFDC<\/strong> para avanzar juntes en esta construcci\u00f3n comunitaria.<\/p>\n<p>[\/et_pb_text][\/et_pb_column][\/et_pb_row][\/et_pb_section]<\/p>\n","protected":false},"excerpt":{"rendered":"<p>[et_pb_section fb_built=\u00bb1&#8243; admin_label=\u00bbsection\u00bb _builder_version=\u00bb3.22&#8243;][et_pb_row admin_label=\u00bbrow\u00bb _builder_version=\u00bb3.25&#8243; background_size=\u00bbinitial\u00bb background_position=\u00bbtop_left\u00bb background_repeat=\u00bbrepeat\u00bb][et_pb_column type=\u00bb4_4&#8243; _builder_version=\u00bb3.25&#8243; custom_padding=\u00bb|||\u00bb custom_padding__hover=\u00bb|||\u00bb][et_pb_image src=\u00bbhttps:\/\/ifdc.edu.ar\/home\/wp-content\/uploads\/2024\/08\/WhatsApp-Image-2024-08-06-at-20.33.20.jpeg\u00bb _builder_version=\u00bb4.4.8&#8243; title_text=\u00bbWhatsApp Image 2024-08-06 at 20.33.20&#8243; hover_enabled=\u00bb0&#8243;][\/et_pb_image][\/et_pb_column][\/et_pb_row][\/et_pb_section][et_pb_section fb_built=\u00bb1&#8243; _builder_version=\u00bb4.4.8&#8243;][et_pb_row _builder_version=\u00bb4.4.8&#8243;][et_pb_column _builder_version=\u00bb4.4.8&#8243; type=\u00bb4_4&#8243;][et_pb_text _builder_version=\u00bb4.4.8&#8243; hover_enabled=\u00bb0&#8243;] Les invitamos [&hellip;]<\/p>\n","protected":false},"author":3,"featured_media":0,"comment_status":"open","ping_status":"open","sticky":false,"template":"","format":"standard","meta":{"_et_pb_use_builder":"on","_et_pb_old_content":"","_et_gb_content_width":"","footnotes":""},"categories":[24,1],"tags":[],"class_list":["post-8876","post","type-post","status-publish","format-standard","hentry","category-educacion-ambiental-integral","category-sin-categoria"],"yoast_head":"<!-- This site is optimized with the Yoast SEO plugin v26.9 - https:\/\/yoast.com\/product\/yoast-seo-wordpress\/ -->\n<title>A toda la comunidad educativa: estudiantes, docentes, PSA, secretaries, bibliotecaries y referentes TIC&#x2757; - IFDC Bariloche<\/title>\n<meta name=\"robots\" content=\"index, follow, max-snippet:-1, max-image-preview:large, max-video-preview:-1\" \/>\n<link rel=\"canonical\" href=\"https:\/\/ifdc.edu.ar\/home\/a-toda-la-comunidad-educativa-estudiantes-docentes-psa-secretaries-bibliotecaries-y-referentes-tic\u2757\/\" \/>\n<meta property=\"og:locale\" content=\"es_ES\" \/>\n<meta property=\"og:type\" content=\"article\" \/>\n<meta property=\"og:title\" content=\"A toda la comunidad educativa: estudiantes, docentes, PSA, secretaries, bibliotecaries y referentes TIC&#x2757; - IFDC Bariloche\" \/>\n<meta property=\"og:description\" content=\"[et_pb_section fb_built=\u00bb1&#8243; admin_label=\u00bbsection\u00bb _builder_version=\u00bb3.22&#8243;][et_pb_row admin_label=\u00bbrow\u00bb _builder_version=\u00bb3.25&#8243; background_size=\u00bbinitial\u00bb background_position=\u00bbtop_left\u00bb background_repeat=\u00bbrepeat\u00bb][et_pb_column type=\u00bb4_4&#8243; _builder_version=\u00bb3.25&#8243; custom_padding=\u00bb|||\u00bb custom_padding__hover=\u00bb|||\u00bb][et_pb_image src=\u00bbhttps:\/\/ifdc.edu.ar\/home\/wp-content\/uploads\/2024\/08\/WhatsApp-Image-2024-08-06-at-20.33.20.jpeg\u00bb _builder_version=\u00bb4.4.8&#8243; title_text=\u00bbWhatsApp Image 2024-08-06 at 20.33.20&#8243; hover_enabled=\u00bb0&#8243;][\/et_pb_image][\/et_pb_column][\/et_pb_row][\/et_pb_section][et_pb_section fb_built=\u00bb1&#8243; _builder_version=\u00bb4.4.8&#8243;][et_pb_row _builder_version=\u00bb4.4.8&#8243;][et_pb_column _builder_version=\u00bb4.4.8&#8243; type=\u00bb4_4&#8243;][et_pb_text _builder_version=\u00bb4.4.8&#8243; hover_enabled=\u00bb0&#8243;] Les invitamos [&hellip;]\" \/>\n<meta property=\"og:url\" content=\"https:\/\/ifdc.edu.ar\/home\/a-toda-la-comunidad-educativa-estudiantes-docentes-psa-secretaries-bibliotecaries-y-referentes-tic\u2757\/\" \/>\n<meta property=\"og:site_name\" content=\"IFDC Bariloche\" \/>\n<meta property=\"article:published_time\" content=\"2024-08-08T17:26:02+00:00\" \/>\n<meta property=\"article:modified_time\" content=\"2024-08-08T17:31:58+00:00\" \/>\n<meta name=\"author\" content=\"admin admin\" \/>\n<meta name=\"twitter:card\" content=\"summary_large_image\" \/>\n<meta name=\"twitter:label1\" content=\"Escrito por\" \/>\n\t<meta name=\"twitter:data1\" content=\"admin admin\" \/>\n\t<meta name=\"twitter:label2\" content=\"Tiempo de lectura\" \/>\n\t<meta name=\"twitter:data2\" content=\"1 minuto\" \/>\n<script type=\"application\/ld+json\" class=\"yoast-schema-graph\">{\"@context\":\"https:\/\/schema.org\",\"@graph\":[{\"@type\":\"Article\",\"@id\":\"https:\/\/ifdc.edu.ar\/home\/a-toda-la-comunidad-educativa-estudiantes-docentes-psa-secretaries-bibliotecaries-y-referentes-tic%e2%9d%97\/#article\",\"isPartOf\":{\"@id\":\"https:\/\/ifdc.edu.ar\/home\/a-toda-la-comunidad-educativa-estudiantes-docentes-psa-secretaries-bibliotecaries-y-referentes-tic%e2%9d%97\/\"},\"author\":{\"name\":\"admin admin\",\"@id\":\"https:\/\/ifdc.edu.ar\/home\/#\/schema\/person\/d56dbc2f2489983c5270184312aab61b\"},\"headline\":\"A toda la comunidad educativa: estudiantes, docentes, PSA, secretaries, bibliotecaries y referentes TIC&#x2757;\",\"datePublished\":\"2024-08-08T17:26:02+00:00\",\"dateModified\":\"2024-08-08T17:31:58+00:00\",\"mainEntityOfPage\":{\"@id\":\"https:\/\/ifdc.edu.ar\/home\/a-toda-la-comunidad-educativa-estudiantes-docentes-psa-secretaries-bibliotecaries-y-referentes-tic%e2%9d%97\/\"},\"wordCount\":283,\"commentCount\":0,\"articleSection\":[\"Educaci\u00f3n Ambiental Integral\"],\"inLanguage\":\"es\",\"potentialAction\":[{\"@type\":\"CommentAction\",\"name\":\"Comment\",\"target\":[\"https:\/\/ifdc.edu.ar\/home\/a-toda-la-comunidad-educativa-estudiantes-docentes-psa-secretaries-bibliotecaries-y-referentes-tic%e2%9d%97\/#respond\"]}]},{\"@type\":\"WebPage\",\"@id\":\"https:\/\/ifdc.edu.ar\/home\/a-toda-la-comunidad-educativa-estudiantes-docentes-psa-secretaries-bibliotecaries-y-referentes-tic%e2%9d%97\/\",\"url\":\"https:\/\/ifdc.edu.ar\/home\/a-toda-la-comunidad-educativa-estudiantes-docentes-psa-secretaries-bibliotecaries-y-referentes-tic%e2%9d%97\/\",\"name\":\"A toda la comunidad educativa: estudiantes, docentes, PSA, secretaries, bibliotecaries y referentes TIC&#x2757; - IFDC Bariloche\",\"isPartOf\":{\"@id\":\"https:\/\/ifdc.edu.ar\/home\/#website\"},\"datePublished\":\"2024-08-08T17:26:02+00:00\",\"dateModified\":\"2024-08-08T17:31:58+00:00\",\"author\":{\"@id\":\"https:\/\/ifdc.edu.ar\/home\/#\/schema\/person\/d56dbc2f2489983c5270184312aab61b\"},\"breadcrumb\":{\"@id\":\"https:\/\/ifdc.edu.ar\/home\/a-toda-la-comunidad-educativa-estudiantes-docentes-psa-secretaries-bibliotecaries-y-referentes-tic%e2%9d%97\/#breadcrumb\"},\"inLanguage\":\"es\",\"potentialAction\":[{\"@type\":\"ReadAction\",\"target\":[\"https:\/\/ifdc.edu.ar\/home\/a-toda-la-comunidad-educativa-estudiantes-docentes-psa-secretaries-bibliotecaries-y-referentes-tic%e2%9d%97\/\"]}]},{\"@type\":\"BreadcrumbList\",\"@id\":\"https:\/\/ifdc.edu.ar\/home\/a-toda-la-comunidad-educativa-estudiantes-docentes-psa-secretaries-bibliotecaries-y-referentes-tic%e2%9d%97\/#breadcrumb\",\"itemListElement\":[{\"@type\":\"ListItem\",\"position\":1,\"name\":\"Portada\",\"item\":\"https:\/\/ifdc.edu.ar\/home\/\"},{\"@type\":\"ListItem\",\"position\":2,\"name\":\"A toda la comunidad educativa: estudiantes, docentes, PSA, secretaries, bibliotecaries y referentes TIC&#x2757;\"}]},{\"@type\":\"WebSite\",\"@id\":\"https:\/\/ifdc.edu.ar\/home\/#website\",\"url\":\"https:\/\/ifdc.edu.ar\/home\/\",\"name\":\"IFDC Bariloche\",\"description\":\"IFDC Bariloche\",\"potentialAction\":[{\"@type\":\"SearchAction\",\"target\":{\"@type\":\"EntryPoint\",\"urlTemplate\":\"https:\/\/ifdc.edu.ar\/home\/?s={search_term_string}\"},\"query-input\":{\"@type\":\"PropertyValueSpecification\",\"valueRequired\":true,\"valueName\":\"search_term_string\"}}],\"inLanguage\":\"es\"},{\"@type\":\"Person\",\"@id\":\"https:\/\/ifdc.edu.ar\/home\/#\/schema\/person\/d56dbc2f2489983c5270184312aab61b\",\"name\":\"admin admin\",\"image\":{\"@type\":\"ImageObject\",\"inLanguage\":\"es\",\"@id\":\"https:\/\/ifdc.edu.ar\/home\/#\/schema\/person\/image\/\",\"url\":\"https:\/\/secure.gravatar.com\/avatar\/573f53f78240008554940f49c3833d29ef6c20a351c603fc9fc8f328b60fa679?s=96&d=mm&r=g\",\"contentUrl\":\"https:\/\/secure.gravatar.com\/avatar\/573f53f78240008554940f49c3833d29ef6c20a351c603fc9fc8f328b60fa679?s=96&d=mm&r=g\",\"caption\":\"admin admin\"},\"sameAs\":[\"http:\/\/ifdc.edu.ar\"],\"url\":\"https:\/\/ifdc.edu.ar\/home\/author\/admin\/\"}]}<\/script>\n<!-- \/ Yoast SEO plugin. -->","yoast_head_json":{"title":"A toda la comunidad educativa: estudiantes, docentes, PSA, secretaries, bibliotecaries y referentes TIC&#x2757; - IFDC Bariloche","robots":{"index":"index","follow":"follow","max-snippet":"max-snippet:-1","max-image-preview":"max-image-preview:large","max-video-preview":"max-video-preview:-1"},"canonical":"https:\/\/ifdc.edu.ar\/home\/a-toda-la-comunidad-educativa-estudiantes-docentes-psa-secretaries-bibliotecaries-y-referentes-tic\u2757\/","og_locale":"es_ES","og_type":"article","og_title":"A toda la comunidad educativa: estudiantes, docentes, PSA, secretaries, bibliotecaries y referentes TIC&#x2757; - IFDC Bariloche","og_description":"[et_pb_section fb_built=\u00bb1&#8243; admin_label=\u00bbsection\u00bb _builder_version=\u00bb3.22&#8243;][et_pb_row admin_label=\u00bbrow\u00bb _builder_version=\u00bb3.25&#8243; background_size=\u00bbinitial\u00bb background_position=\u00bbtop_left\u00bb background_repeat=\u00bbrepeat\u00bb][et_pb_column type=\u00bb4_4&#8243; _builder_version=\u00bb3.25&#8243; custom_padding=\u00bb|||\u00bb custom_padding__hover=\u00bb|||\u00bb][et_pb_image src=\u00bbhttps:\/\/ifdc.edu.ar\/home\/wp-content\/uploads\/2024\/08\/WhatsApp-Image-2024-08-06-at-20.33.20.jpeg\u00bb _builder_version=\u00bb4.4.8&#8243; title_text=\u00bbWhatsApp Image 2024-08-06 at 20.33.20&#8243; hover_enabled=\u00bb0&#8243;][\/et_pb_image][\/et_pb_column][\/et_pb_row][\/et_pb_section][et_pb_section fb_built=\u00bb1&#8243; _builder_version=\u00bb4.4.8&#8243;][et_pb_row _builder_version=\u00bb4.4.8&#8243;][et_pb_column _builder_version=\u00bb4.4.8&#8243; type=\u00bb4_4&#8243;][et_pb_text _builder_version=\u00bb4.4.8&#8243; hover_enabled=\u00bb0&#8243;] Les invitamos [&hellip;]","og_url":"https:\/\/ifdc.edu.ar\/home\/a-toda-la-comunidad-educativa-estudiantes-docentes-psa-secretaries-bibliotecaries-y-referentes-tic\u2757\/","og_site_name":"IFDC Bariloche","article_published_time":"2024-08-08T17:26:02+00:00","article_modified_time":"2024-08-08T17:31:58+00:00","author":"admin admin","twitter_card":"summary_large_image","twitter_misc":{"Escrito por":"admin admin","Tiempo de lectura":"1 minuto"},"schema":{"@context":"https:\/\/schema.org","@graph":[{"@type":"Article","@id":"https:\/\/ifdc.edu.ar\/home\/a-toda-la-comunidad-educativa-estudiantes-docentes-psa-secretaries-bibliotecaries-y-referentes-tic%e2%9d%97\/#article","isPartOf":{"@id":"https:\/\/ifdc.edu.ar\/home\/a-toda-la-comunidad-educativa-estudiantes-docentes-psa-secretaries-bibliotecaries-y-referentes-tic%e2%9d%97\/"},"author":{"name":"admin admin","@id":"https:\/\/ifdc.edu.ar\/home\/#\/schema\/person\/d56dbc2f2489983c5270184312aab61b"},"headline":"A toda la comunidad educativa: estudiantes, docentes, PSA, secretaries, bibliotecaries y referentes TIC&#x2757;","datePublished":"2024-08-08T17:26:02+00:00","dateModified":"2024-08-08T17:31:58+00:00","mainEntityOfPage":{"@id":"https:\/\/ifdc.edu.ar\/home\/a-toda-la-comunidad-educativa-estudiantes-docentes-psa-secretaries-bibliotecaries-y-referentes-tic%e2%9d%97\/"},"wordCount":283,"commentCount":0,"articleSection":["Educaci\u00f3n Ambiental Integral"],"inLanguage":"es","potentialAction":[{"@type":"CommentAction","name":"Comment","target":["https:\/\/ifdc.edu.ar\/home\/a-toda-la-comunidad-educativa-estudiantes-docentes-psa-secretaries-bibliotecaries-y-referentes-tic%e2%9d%97\/#respond"]}]},{"@type":"WebPage","@id":"https:\/\/ifdc.edu.ar\/home\/a-toda-la-comunidad-educativa-estudiantes-docentes-psa-secretaries-bibliotecaries-y-referentes-tic%e2%9d%97\/","url":"https:\/\/ifdc.edu.ar\/home\/a-toda-la-comunidad-educativa-estudiantes-docentes-psa-secretaries-bibliotecaries-y-referentes-tic%e2%9d%97\/","name":"A toda la comunidad educativa: estudiantes, docentes, PSA, secretaries, bibliotecaries y referentes TIC&#x2757; - IFDC Bariloche","isPartOf":{"@id":"https:\/\/ifdc.edu.ar\/home\/#website"},"datePublished":"2024-08-08T17:26:02+00:00","dateModified":"2024-08-08T17:31:58+00:00","author":{"@id":"https:\/\/ifdc.edu.ar\/home\/#\/schema\/person\/d56dbc2f2489983c5270184312aab61b"},"breadcrumb":{"@id":"https:\/\/ifdc.edu.ar\/home\/a-toda-la-comunidad-educativa-estudiantes-docentes-psa-secretaries-bibliotecaries-y-referentes-tic%e2%9d%97\/#breadcrumb"},"inLanguage":"es","potentialAction":[{"@type":"ReadAction","target":["https:\/\/ifdc.edu.ar\/home\/a-toda-la-comunidad-educativa-estudiantes-docentes-psa-secretaries-bibliotecaries-y-referentes-tic%e2%9d%97\/"]}]},{"@type":"BreadcrumbList","@id":"https:\/\/ifdc.edu.ar\/home\/a-toda-la-comunidad-educativa-estudiantes-docentes-psa-secretaries-bibliotecaries-y-referentes-tic%e2%9d%97\/#breadcrumb","itemListElement":[{"@type":"ListItem","position":1,"name":"Portada","item":"https:\/\/ifdc.edu.ar\/home\/"},{"@type":"ListItem","position":2,"name":"A toda la comunidad educativa: estudiantes, docentes, PSA, secretaries, bibliotecaries y referentes TIC&#x2757;"}]},{"@type":"WebSite","@id":"https:\/\/ifdc.edu.ar\/home\/#website","url":"https:\/\/ifdc.edu.ar\/home\/","name":"IFDC Bariloche","description":"IFDC Bariloche","potentialAction":[{"@type":"SearchAction","target":{"@type":"EntryPoint","urlTemplate":"https:\/\/ifdc.edu.ar\/home\/?s={search_term_string}"},"query-input":{"@type":"PropertyValueSpecification","valueRequired":true,"valueName":"search_term_string"}}],"inLanguage":"es"},{"@type":"Person","@id":"https:\/\/ifdc.edu.ar\/home\/#\/schema\/person\/d56dbc2f2489983c5270184312aab61b","name":"admin admin","image":{"@type":"ImageObject","inLanguage":"es","@id":"https:\/\/ifdc.edu.ar\/home\/#\/schema\/person\/image\/","url":"https:\/\/secure.gravatar.com\/avatar\/573f53f78240008554940f49c3833d29ef6c20a351c603fc9fc8f328b60fa679?s=96&d=mm&r=g","contentUrl":"https:\/\/secure.gravatar.com\/avatar\/573f53f78240008554940f49c3833d29ef6c20a351c603fc9fc8f328b60fa679?s=96&d=mm&r=g","caption":"admin admin"},"sameAs":["http:\/\/ifdc.edu.ar"],"url":"https:\/\/ifdc.edu.ar\/home\/author\/admin\/"}]}},"_links":{"self":[{"href":"https:\/\/ifdc.edu.ar\/home\/wp-json\/wp\/v2\/posts\/8876","targetHints":{"allow":["GET"]}}],"collection":[{"href":"https:\/\/ifdc.edu.ar\/home\/wp-json\/wp\/v2\/posts"}],"about":[{"href":"https:\/\/ifdc.edu.ar\/home\/wp-json\/wp\/v2\/types\/post"}],"author":[{"embeddable":true,"href":"https:\/\/ifdc.edu.ar\/home\/wp-json\/wp\/v2\/users\/3"}],"replies":[{"embeddable":true,"href":"https:\/\/ifdc.edu.ar\/home\/wp-json\/wp\/v2\/comments?post=8876"}],"version-history":[{"count":3,"href":"https:\/\/ifdc.edu.ar\/home\/wp-json\/wp\/v2\/posts\/8876\/revisions"}],"predecessor-version":[{"id":8881,"href":"https:\/\/ifdc.edu.ar\/home\/wp-json\/wp\/v2\/posts\/8876\/revisions\/8881"}],"wp:attachment":[{"href":"https:\/\/ifdc.edu.ar\/home\/wp-json\/wp\/v2\/media?parent=8876"}],"wp:term":[{"taxonomy":"category","embeddable":true,"href":"https:\/\/ifdc.edu.ar\/home\/wp-json\/wp\/v2\/categories?post=8876"},{"taxonomy":"post_tag","embeddable":true,"href":"https:\/\/ifdc.edu.ar\/home\/wp-json\/wp\/v2\/tags?post=8876"}],"curies":[{"name":"wp","href":"https:\/\/api.w.org\/{rel}","templated":true}]}}